{"id":29728,"date":"2023-07-04T10:53:24","date_gmt":"2023-07-04T10:53:24","guid":{"rendered":"https:\/\/blogdorogeriogomes.com.br\/?p=29728"},"modified":"2023-07-04T15:56:09","modified_gmt":"2023-07-04T15:56:09","slug":"lula-assume-hoje-a-presidencia-do-mercosul-em-reuniao-do-bloco-na-argentina","status":"publish","type":"post","link":"https:\/\/blogdorogeriogomes.com.br\/noticias\/2023\/07\/lula-assume-hoje-a-presidencia-do-mercosul-em-reuniao-do-bloco-na-argentina\/","title":{"rendered":"Lula assume hoje a presid\u00eancia do Mercosul em reuni\u00e3o do bloco na Argentina"},"content":{"rendered":"\n<p>O presidente&nbsp;Lula (PT) assume nesta ter\u00e7a-feira, dia 4 de julho, a presid\u00eancia rotativa do Mercosul, formado por Brasil, Argentina , Paraguai e Uruguai. A lideran\u00e7a ser\u00e1 transferida durante a 62\u00aa reuni\u00e3o dos chefes de Estado do bloco, em Puerto Iguaz\u00fa, na Argentina.<\/p>\n\n\n\n<p>Neste segundo semestre de 2023, o Brasil tamb\u00e9m vai comandar o G20 (grupo das principais economias do mundo) e o Conselho de Seguran\u00e7a das Na\u00e7\u00f5es Unidas.<\/p>\n\n\n\n<p>Uma das prioridades de Lula no semestre em que coordenar\u00e1 o Mercosul \u00e9 a conclus\u00e3o do acordo comercial com a Uni\u00e3o Europeia.<\/p>\n\n\n\n<figure class=\"wp-block-image size-full\"><img loading=\"lazy\" decoding=\"async\" width=\"984\" height=\"655\" src=\"https:\/\/blogdorogeriogomes.com.br\/wp-content\/uploads\/2023\/07\/whatsapp-image-2023-07-03-at-22.14.08.jpeg\" alt=\"\" class=\"wp-image-29729\" srcset=\"https:\/\/blogdorogeriogomes.com.br\/noticias\/wp-content\/uploads\/2023\/07\/whatsapp-image-2023-07-03-at-22.14.08.jpeg 984w, https:\/\/blogdorogeriogomes.com.br\/noticias\/wp-content\/uploads\/2023\/07\/whatsapp-image-2023-07-03-at-22.14.08-300x200.jpeg 300w, https:\/\/blogdorogeriogomes.com.br\/noticias\/wp-content\/uploads\/2023\/07\/whatsapp-image-2023-07-03-at-22.14.08-768x511.jpeg 768w, https:\/\/blogdorogeriogomes.com.br\/noticias\/wp-content\/uploads\/2023\/07\/whatsapp-image-2023-07-03-at-22.14.08-800x533.jpeg 800w\" sizes=\"auto, (max-width: 984px) 100vw, 984px\" \/><\/figure>\n","protected":false},"excerpt":{"rendered":"<p>O presidente&nbsp;Lula (PT) assume nesta ter\u00e7a-feira, dia 4 de julho, a presid\u00eancia rotativa do Mercosul, formado por Brasil, Argentina , Paraguai e Uruguai. A lideran\u00e7a ser\u00e1 transferida durante a 62\u00aa reuni\u00e3o dos chefes de Estado do bloco, em Puerto Iguaz\u00fa, na Argentina. Neste segundo semestre de 2023, o Brasil tamb\u00e9m vai comandar o G20 (grupo das principais economias do mundo) e o Conselho de Seguran\u00e7a das Na\u00e7\u00f5es Unidas. Uma das prioridades de Lula no semestre em que coordenar\u00e1 o&hellip;<\/p>\n","protected":false},"author":1,"featured_media":29729,"comment_status":"open","ping_status":"open","sticky":false,"template":"","format":"standard","meta":{"footnotes":""},"categories":[1],"tags":[],"class_list":["post-29728","post","type-post","status-publish","format-standard","has-post-thumbnail","hentry","category-noticias"],"_links":{"self":[{"href":"https:\/\/blogdorogeriogomes.com.br\/noticias\/wp-json\/wp\/v2\/posts\/29728","targetHints":{"allow":["GET"]}}],"collection":[{"href":"https:\/\/blogdorogeriogomes.com.br\/noticias\/wp-json\/wp\/v2\/posts"}],"about":[{"href":"https:\/\/blogdorogeriogomes.com.br\/noticias\/wp-json\/wp\/v2\/types\/post"}],"author":[{"embeddable":true,"href":"https:\/\/blogdorogeriogomes.com.br\/noticias\/wp-json\/wp\/v2\/users\/1"}],"replies":[{"embeddable":true,"href":"https:\/\/blogdorogeriogomes.com.br\/noticias\/wp-json\/wp\/v2\/comments?post=29728"}],"version-history":[{"count":2,"href":"https:\/\/blogdorogeriogomes.com.br\/noticias\/wp-json\/wp\/v2\/posts\/29728\/revisions"}],"predecessor-version":[{"id":29736,"href":"https:\/\/blogdorogeriogomes.com.br\/noticias\/wp-json\/wp\/v2\/posts\/29728\/revisions\/29736"}],"wp:featuredmedia":[{"embeddable":true,"href":"https:\/\/blogdorogeriogomes.com.br\/noticias\/wp-json\/wp\/v2\/media\/29729"}],"wp:attachment":[{"href":"https:\/\/blogdorogeriogomes.com.br\/noticias\/wp-json\/wp\/v2\/media?parent=29728"}],"wp:term":[{"taxonomy":"category","embeddable":true,"href":"https:\/\/blogdorogeriogomes.com.br\/noticias\/wp-json\/wp\/v2\/categories?post=29728"},{"taxonomy":"post_tag","embeddable":true,"href":"https:\/\/blogdorogeriogomes.com.br\/noticias\/wp-json\/wp\/v2\/tags?post=29728"}],"curies":[{"name":"wp","href":"https:\/\/api.w.org\/{rel}","templated":true}]}}