{"id":29731,"date":"2023-07-04T11:15:04","date_gmt":"2023-07-04T11:15:04","guid":{"rendered":"https:\/\/blogdorogeriogomes.com.br\/?p=29731"},"modified":"2023-07-04T15:56:02","modified_gmt":"2023-07-04T15:56:02","slug":"arthur-lira-define-prioridades-para-botar-reforma-tributaria-ainda-esta-semana-elmano-reune-bancada-cearense","status":"publish","type":"post","link":"https:\/\/blogdorogeriogomes.com.br\/noticias\/2023\/07\/arthur-lira-define-prioridades-para-botar-reforma-tributaria-ainda-esta-semana-elmano-reune-bancada-cearense\/","title":{"rendered":"Arthur Lira define prioridades para botar reforma tribut\u00e1ria ainda esta semana. Elmano re\u00fane bancada cearense"},"content":{"rendered":"\n<p>O presidente da C\u00e2mara dos Deputados, Arthur Lira, defendeu que a pauta econ\u00f4mica da semana que inclui a reforma tribut\u00e1ria, o projeto do Carf e o novo marco fiscal n\u00e3o seja contaminada pela disputa pol\u00edtica.<\/p>\n\n\n\n<p>Lira informou que a semana est\u00e1 reservada para a an\u00e1lise das propostas e lembrou da decis\u00e3o da Mesa Diretora da Casa que suspendeu o funcionamento de todas as comiss\u00f5es para que os parlamentares concentrem-se nesses temas.<\/p>\n\n\n\n<p>O governador do Cear\u00e1, Elmano de Freitas, deve se reunir com a bancada federal para discutir a reforma tribut\u00e1ria levando em conta os interesses dos cearenses.<\/p>\n\n\n\n<figure class=\"wp-block-image size-full\"><img loading=\"lazy\" decoding=\"async\" width=\"500\" height=\"240\" src=\"https:\/\/blogdorogeriogomes.com.br\/wp-content\/uploads\/2023\/07\/20230627070620_5db131aaa21e077c8b5ad57af1b9f43345eeecb7048e625a3909f59088487053.webp\" alt=\"\" class=\"wp-image-29732\" srcset=\"https:\/\/blogdorogeriogomes.com.br\/noticias\/wp-content\/uploads\/2023\/07\/20230627070620_5db131aaa21e077c8b5ad57af1b9f43345eeecb7048e625a3909f59088487053.webp 500w, https:\/\/blogdorogeriogomes.com.br\/noticias\/wp-content\/uploads\/2023\/07\/20230627070620_5db131aaa21e077c8b5ad57af1b9f43345eeecb7048e625a3909f59088487053-300x144.webp 300w\" sizes=\"auto, (max-width: 500px) 100vw, 500px\" \/><\/figure>\n","protected":false},"excerpt":{"rendered":"<p>O presidente da C\u00e2mara dos Deputados, Arthur Lira, defendeu que a pauta econ\u00f4mica da semana que inclui a reforma tribut\u00e1ria, o projeto do Carf e o novo marco fiscal n\u00e3o seja contaminada pela disputa pol\u00edtica. Lira informou que a semana est\u00e1 reservada para a an\u00e1lise das propostas e lembrou da decis\u00e3o da Mesa Diretora da Casa que suspendeu o funcionamento de todas as comiss\u00f5es para que os parlamentares concentrem-se nesses temas. O governador do Cear\u00e1, Elmano de Freitas, deve&hellip;<\/p>\n","protected":false},"author":1,"featured_media":29732,"comment_status":"open","ping_status":"open","sticky":false,"template":"","format":"standard","meta":{"footnotes":""},"categories":[1],"tags":[],"class_list":["post-29731","post","type-post","status-publish","format-standard","has-post-thumbnail","hentry","category-noticias"],"_links":{"self":[{"href":"https:\/\/blogdorogeriogomes.com.br\/noticias\/wp-json\/wp\/v2\/posts\/29731","targetHints":{"allow":["GET"]}}],"collection":[{"href":"https:\/\/blogdorogeriogomes.com.br\/noticias\/wp-json\/wp\/v2\/posts"}],"about":[{"href":"https:\/\/blogdorogeriogomes.com.br\/noticias\/wp-json\/wp\/v2\/types\/post"}],"author":[{"embeddable":true,"href":"https:\/\/blogdorogeriogomes.com.br\/noticias\/wp-json\/wp\/v2\/users\/1"}],"replies":[{"embeddable":true,"href":"https:\/\/blogdorogeriogomes.com.br\/noticias\/wp-json\/wp\/v2\/comments?post=29731"}],"version-history":[{"count":1,"href":"https:\/\/blogdorogeriogomes.com.br\/noticias\/wp-json\/wp\/v2\/posts\/29731\/revisions"}],"predecessor-version":[{"id":29733,"href":"https:\/\/blogdorogeriogomes.com.br\/noticias\/wp-json\/wp\/v2\/posts\/29731\/revisions\/29733"}],"wp:featuredmedia":[{"embeddable":true,"href":"https:\/\/blogdorogeriogomes.com.br\/noticias\/wp-json\/wp\/v2\/media\/29732"}],"wp:attachment":[{"href":"https:\/\/blogdorogeriogomes.com.br\/noticias\/wp-json\/wp\/v2\/media?parent=29731"}],"wp:term":[{"taxonomy":"category","embeddable":true,"href":"https:\/\/blogdorogeriogomes.com.br\/noticias\/wp-json\/wp\/v2\/categories?post=29731"},{"taxonomy":"post_tag","embeddable":true,"href":"https:\/\/blogdorogeriogomes.com.br\/noticias\/wp-json\/wp\/v2\/tags?post=29731"}],"curies":[{"name":"wp","href":"https:\/\/api.w.org\/{rel}","templated":true}]}}