{"id":29737,"date":"2023-07-04T16:52:05","date_gmt":"2023-07-04T16:52:05","guid":{"rendered":"https:\/\/blogdorogeriogomes.com.br\/?p=29737"},"modified":"2023-07-10T09:13:14","modified_gmt":"2023-07-10T09:13:14","slug":"elmano-de-freitas-determina-criacao-de-forum-permanente-de-acompanhamento-do-sistema-penitenciario-apos-denuncias-de-maus-tratos","status":"publish","type":"post","link":"https:\/\/blogdorogeriogomes.com.br\/noticias\/2023\/07\/elmano-de-freitas-determina-criacao-de-forum-permanente-de-acompanhamento-do-sistema-penitenciario-apos-denuncias-de-maus-tratos\/","title":{"rendered":"Elmano de Freitas determina cria\u00e7\u00e3o de f\u00f3rum permanente de acompanhamento do sistema penitenci\u00e1rio ap\u00f3s den\u00fancias de maus-tratos"},"content":{"rendered":"\n<p>Diante de den\u00fancias de maus-tratos presos no Cear\u00e1, o governador Elmano de Freitas se reuniu, na manh\u00e3 desta ter\u00e7a-feira, dia 4 de julho, no Pal\u00e1cio da Aboli\u00e7\u00e3o, com o presidente do Tribunal de Justi\u00e7a do Cear\u00e1, desembargador Abelardo Benevides, Secretaria da Administra\u00e7\u00e3o Penitenci\u00e1ria e Ressocializa\u00e7\u00e3o e Procuradoria Geral do Estado para tratar de a\u00e7\u00f5es referentes ao sistema prisional. Na ocasi\u00e3o, ficou definida a cria\u00e7\u00e3o de um f\u00f3rum permanente de avalia\u00e7\u00e3o e acompanhamento do sistema penitenci\u00e1rio.<\/p>\n\n\n\n<p>\u201cNosso objetivo \u00e9 reunir Governo do Estado, Tribunal de Justi\u00e7a, Assembleia Legislativa, Minist\u00e9rio P\u00fablico e Defensoria para debater as a\u00e7\u00f5es, entre elas a intensifica\u00e7\u00e3o dos trabalhos de ressocializa\u00e7\u00e3o e oportunidades de trabalho, mais transpar\u00eancia e avalia\u00e7\u00e3o constante para a melhoria do sistema, entre outras\u201d, citou o governador Elmano de Freitas. O f\u00f3rum dever\u00e1 se reunir periodicamente para discutir o sistema.<\/p>\n\n\n\n<figure class=\"wp-block-image size-large\"><img loading=\"lazy\" decoding=\"async\" width=\"1024\" height=\"683\" src=\"https:\/\/blogdorogeriogomes.com.br\/wp-content\/uploads\/2023\/07\/WhatsApp-Image-2023-07-04-at-12.20.23-1200x800-1-1024x683.jpeg\" alt=\"\" class=\"wp-image-29738\" srcset=\"https:\/\/blogdorogeriogomes.com.br\/noticias\/wp-content\/uploads\/2023\/07\/WhatsApp-Image-2023-07-04-at-12.20.23-1200x800-1-1024x683.jpeg 1024w, https:\/\/blogdorogeriogomes.com.br\/noticias\/wp-content\/uploads\/2023\/07\/WhatsApp-Image-2023-07-04-at-12.20.23-1200x800-1-300x200.jpeg 300w, https:\/\/blogdorogeriogomes.com.br\/noticias\/wp-content\/uploads\/2023\/07\/WhatsApp-Image-2023-07-04-at-12.20.23-1200x800-1-768x512.jpeg 768w, https:\/\/blogdorogeriogomes.com.br\/noticias\/wp-content\/uploads\/2023\/07\/WhatsApp-Image-2023-07-04-at-12.20.23-1200x800-1-800x533.jpeg 800w, https:\/\/blogdorogeriogomes.com.br\/noticias\/wp-content\/uploads\/2023\/07\/WhatsApp-Image-2023-07-04-at-12.20.23-1200x800-1.jpeg 1200w\" sizes=\"auto, (max-width: 1024px) 100vw, 1024px\" \/><\/figure>\n","protected":false},"excerpt":{"rendered":"<p>Diante de den\u00fancias de maus-tratos presos no Cear\u00e1, o governador Elmano de Freitas se reuniu, na manh\u00e3 desta ter\u00e7a-feira, dia 4 de julho, no Pal\u00e1cio da Aboli\u00e7\u00e3o, com o presidente do Tribunal de Justi\u00e7a do Cear\u00e1, desembargador Abelardo Benevides, Secretaria da Administra\u00e7\u00e3o Penitenci\u00e1ria e Ressocializa\u00e7\u00e3o e Procuradoria Geral do Estado para tratar de a\u00e7\u00f5es referentes ao sistema prisional. Na ocasi\u00e3o, ficou definida a cria\u00e7\u00e3o de um f\u00f3rum permanente de avalia\u00e7\u00e3o e acompanhamento do sistema penitenci\u00e1rio. \u201cNosso objetivo \u00e9 reunir&hellip;<\/p>\n","protected":false},"author":1,"featured_media":29738,"comment_status":"open","ping_status":"open","sticky":false,"template":"","format":"standard","meta":{"footnotes":""},"categories":[1],"tags":[],"class_list":["post-29737","post","type-post","status-publish","format-standard","has-post-thumbnail","hentry","category-noticias"],"_links":{"self":[{"href":"https:\/\/blogdorogeriogomes.com.br\/noticias\/wp-json\/wp\/v2\/posts\/29737","targetHints":{"allow":["GET"]}}],"collection":[{"href":"https:\/\/blogdorogeriogomes.com.br\/noticias\/wp-json\/wp\/v2\/posts"}],"about":[{"href":"https:\/\/blogdorogeriogomes.com.br\/noticias\/wp-json\/wp\/v2\/types\/post"}],"author":[{"embeddable":true,"href":"https:\/\/blogdorogeriogomes.com.br\/noticias\/wp-json\/wp\/v2\/users\/1"}],"replies":[{"embeddable":true,"href":"https:\/\/blogdorogeriogomes.com.br\/noticias\/wp-json\/wp\/v2\/comments?post=29737"}],"version-history":[{"count":1,"href":"https:\/\/blogdorogeriogomes.com.br\/noticias\/wp-json\/wp\/v2\/posts\/29737\/revisions"}],"predecessor-version":[{"id":29739,"href":"https:\/\/blogdorogeriogomes.com.br\/noticias\/wp-json\/wp\/v2\/posts\/29737\/revisions\/29739"}],"wp:featuredmedia":[{"embeddable":true,"href":"https:\/\/blogdorogeriogomes.com.br\/noticias\/wp-json\/wp\/v2\/media\/29738"}],"wp:attachment":[{"href":"https:\/\/blogdorogeriogomes.com.br\/noticias\/wp-json\/wp\/v2\/media?parent=29737"}],"wp:term":[{"taxonomy":"category","embeddable":true,"href":"https:\/\/blogdorogeriogomes.com.br\/noticias\/wp-json\/wp\/v2\/categories?post=29737"},{"taxonomy":"post_tag","embeddable":true,"href":"https:\/\/blogdorogeriogomes.com.br\/noticias\/wp-json\/wp\/v2\/tags?post=29737"}],"curies":[{"name":"wp","href":"https:\/\/api.w.org\/{rel}","templated":true}]}}