{"id":29740,"date":"2023-07-04T17:11:46","date_gmt":"2023-07-04T17:11:46","guid":{"rendered":"https:\/\/blogdorogeriogomes.com.br\/?p=29740"},"modified":"2023-07-10T09:13:28","modified_gmt":"2023-07-10T09:13:28","slug":"cdl-de-fortaleza-e-sindionibus-lancam-projeto-que-vai-oferecer-passagem-gratuita-para-quem-retorna-do-centro","status":"publish","type":"post","link":"https:\/\/blogdorogeriogomes.com.br\/noticias\/2023\/07\/cdl-de-fortaleza-e-sindionibus-lancam-projeto-que-vai-oferecer-passagem-gratuita-para-quem-retorna-do-centro\/","title":{"rendered":"CDL de Fortaleza e Sindi\u00f4nibus lan\u00e7am projeto que vai oferecer passagem gratuita para quem retorna do Centro"},"content":{"rendered":"\n<p>A C\u00e2mara de Dirigentes Lojistas de Fortaleza, em parceria com o Sindi\u00f4nibus, realizar\u00e1 nesta quarta-feira, dia 5 de julho, na sede da CDL, uma coletiva de imprensa para apresentar o projeto Compre Bem, Volte de Gra\u00e7a, que vai oferecer passagem de retorno gratuita de \u00f4nibus aos consumidores do Centro de Fortaleza. O projeto ter\u00e1 in\u00edcio a partir do m\u00eas de julho, sendo a primeira iniciativa privada do Brasil que oferece o benef\u00edcio da gratuidade aos passageiros que se dirigem ao centro para comprar.<\/p>\n\n\n\n<p>A coletiva vai contar com a presen\u00e7a do presidente da CDL, Assis Cavalcante, e do presidente do Sindi\u00f4nibus, Dimas Barreira.<\/p>\n\n\n\n<figure class=\"wp-block-image size-full\"><img loading=\"lazy\" decoding=\"async\" width=\"984\" height=\"578\" src=\"https:\/\/blogdorogeriogomes.com.br\/wp-content\/uploads\/2023\/07\/terminal-praca-coracao-de-jesus.jpg\" alt=\"\" class=\"wp-image-29741\" srcset=\"https:\/\/blogdorogeriogomes.com.br\/noticias\/wp-content\/uploads\/2023\/07\/terminal-praca-coracao-de-jesus.jpg 984w, https:\/\/blogdorogeriogomes.com.br\/noticias\/wp-content\/uploads\/2023\/07\/terminal-praca-coracao-de-jesus-300x176.jpg 300w, https:\/\/blogdorogeriogomes.com.br\/noticias\/wp-content\/uploads\/2023\/07\/terminal-praca-coracao-de-jesus-768x451.jpg 768w, https:\/\/blogdorogeriogomes.com.br\/noticias\/wp-content\/uploads\/2023\/07\/terminal-praca-coracao-de-jesus-800x470.jpg 800w\" sizes=\"auto, (max-width: 984px) 100vw, 984px\" \/><\/figure>\n\n\n\n<p><\/p>\n","protected":false},"excerpt":{"rendered":"<p>A C\u00e2mara de Dirigentes Lojistas de Fortaleza, em parceria com o Sindi\u00f4nibus, realizar\u00e1 nesta quarta-feira, dia 5 de julho, na sede da CDL, uma coletiva de imprensa para apresentar o projeto Compre Bem, Volte de Gra\u00e7a, que vai oferecer passagem de retorno gratuita de \u00f4nibus aos consumidores do Centro de Fortaleza. O projeto ter\u00e1 in\u00edcio a partir do m\u00eas de julho, sendo a primeira iniciativa privada do Brasil que oferece o benef\u00edcio da gratuidade aos passageiros que se dirigem&hellip;<\/p>\n","protected":false},"author":1,"featured_media":29741,"comment_status":"open","ping_status":"open","sticky":false,"template":"","format":"standard","meta":{"footnotes":""},"categories":[1],"tags":[],"class_list":["post-29740","post","type-post","status-publish","format-standard","has-post-thumbnail","hentry","category-noticias"],"_links":{"self":[{"href":"https:\/\/blogdorogeriogomes.com.br\/noticias\/wp-json\/wp\/v2\/posts\/29740","targetHints":{"allow":["GET"]}}],"collection":[{"href":"https:\/\/blogdorogeriogomes.com.br\/noticias\/wp-json\/wp\/v2\/posts"}],"about":[{"href":"https:\/\/blogdorogeriogomes.com.br\/noticias\/wp-json\/wp\/v2\/types\/post"}],"author":[{"embeddable":true,"href":"https:\/\/blogdorogeriogomes.com.br\/noticias\/wp-json\/wp\/v2\/users\/1"}],"replies":[{"embeddable":true,"href":"https:\/\/blogdorogeriogomes.com.br\/noticias\/wp-json\/wp\/v2\/comments?post=29740"}],"version-history":[{"count":1,"href":"https:\/\/blogdorogeriogomes.com.br\/noticias\/wp-json\/wp\/v2\/posts\/29740\/revisions"}],"predecessor-version":[{"id":29742,"href":"https:\/\/blogdorogeriogomes.com.br\/noticias\/wp-json\/wp\/v2\/posts\/29740\/revisions\/29742"}],"wp:featuredmedia":[{"embeddable":true,"href":"https:\/\/blogdorogeriogomes.com.br\/noticias\/wp-json\/wp\/v2\/media\/29741"}],"wp:attachment":[{"href":"https:\/\/blogdorogeriogomes.com.br\/noticias\/wp-json\/wp\/v2\/media?parent=29740"}],"wp:term":[{"taxonomy":"category","embeddable":true,"href":"https:\/\/blogdorogeriogomes.com.br\/noticias\/wp-json\/wp\/v2\/categories?post=29740"},{"taxonomy":"post_tag","embeddable":true,"href":"https:\/\/blogdorogeriogomes.com.br\/noticias\/wp-json\/wp\/v2\/tags?post=29740"}],"curies":[{"name":"wp","href":"https:\/\/api.w.org\/{rel}","templated":true}]}}