{"id":29744,"date":"2023-07-05T00:05:23","date_gmt":"2023-07-05T00:05:23","guid":{"rendered":"https:\/\/blogdorogeriogomes.com.br\/?p=29744"},"modified":"2023-07-10T09:13:39","modified_gmt":"2023-07-10T09:13:39","slug":"bq-energia-realiza-formacao-de-mais-de-4-mil-eletricistas-no-junho-laranja","status":"publish","type":"post","link":"https:\/\/blogdorogeriogomes.com.br\/noticias\/2023\/07\/bq-energia-realiza-formacao-de-mais-de-4-mil-eletricistas-no-junho-laranja\/","title":{"rendered":"B&#038;Q Energia realiza forma\u00e7\u00e3o de mais de 4 mil eletricistas no Junho Laranja"},"content":{"rendered":"\n<p>Mais de quatro mil eletricistas receberam forma\u00e7\u00e3o durante o Junho Laranja, que \u00e9 um projeto dedicado \u00e0 conscientiza\u00e7\u00e3o sobre seguran\u00e7a na execu\u00e7\u00e3o do trabalho desses profissionais. Na \u00faltima sexta-feira, dia 30 de junho, foi encerrado o evento que contou com a participa\u00e7\u00e3o do desembargador Francisco Jos\u00e9 Gomes (TRT\/ 7a Regi\u00e3o), do Comit\u00ea de Seguran\u00e7a do Trabalho do Tribunal, do engenheiro Leandro Marquez, representando a Enel, e do gestor Talles Diego, da Neoenergia e Adriano Cesar da Equatorial, assim como gestores e colaboradores de todo o Brasil.<\/p>\n\n\n\n<p>Ao longo do m\u00eas de junho, o projeto contou com a\u00e7\u00f5es que promoveram a seguran\u00e7a dos colaboradores, abordando aspectos da seguran\u00e7a no trabalho.&nbsp;\u201cEstamos fazendo 36 anos gerando, transmitindo e distribuindo confian\u00e7a para o setor, para os clientes e principalmente para o nosso colaborador, essa \u00e9 a grande mensagem e grande miss\u00e3o da B&amp;Q\u201d, disse o CEO da B&amp;Q, Luis Carlos Queiroz.<\/p>\n\n\n\n<figure class=\"wp-block-image size-large\"><img loading=\"lazy\" decoding=\"async\" width=\"1024\" height=\"676\" src=\"https:\/\/blogdorogeriogomes.com.br\/wp-content\/uploads\/2023\/07\/IMG-20230704-WA0102-1024x676.jpg\" alt=\"\" class=\"wp-image-29745\" srcset=\"https:\/\/blogdorogeriogomes.com.br\/noticias\/wp-content\/uploads\/2023\/07\/IMG-20230704-WA0102-1024x676.jpg 1024w, https:\/\/blogdorogeriogomes.com.br\/noticias\/wp-content\/uploads\/2023\/07\/IMG-20230704-WA0102-300x198.jpg 300w, https:\/\/blogdorogeriogomes.com.br\/noticias\/wp-content\/uploads\/2023\/07\/IMG-20230704-WA0102-768x507.jpg 768w, https:\/\/blogdorogeriogomes.com.br\/noticias\/wp-content\/uploads\/2023\/07\/IMG-20230704-WA0102-800x528.jpg 800w, https:\/\/blogdorogeriogomes.com.br\/noticias\/wp-content\/uploads\/2023\/07\/IMG-20230704-WA0102.jpg 1079w\" sizes=\"auto, (max-width: 1024px) 100vw, 1024px\" \/><\/figure>\n","protected":false},"excerpt":{"rendered":"<p>Mais de quatro mil eletricistas receberam forma\u00e7\u00e3o durante o Junho Laranja, que \u00e9 um projeto dedicado \u00e0 conscientiza\u00e7\u00e3o sobre seguran\u00e7a na execu\u00e7\u00e3o do trabalho desses profissionais. Na \u00faltima sexta-feira, dia 30 de junho, foi encerrado o evento que contou com a participa\u00e7\u00e3o do desembargador Francisco Jos\u00e9 Gomes (TRT\/ 7a Regi\u00e3o), do Comit\u00ea de Seguran\u00e7a do Trabalho do Tribunal, do engenheiro Leandro Marquez, representando a Enel, e do gestor Talles Diego, da Neoenergia e Adriano Cesar da Equatorial, assim como&hellip;<\/p>\n","protected":false},"author":1,"featured_media":29745,"comment_status":"open","ping_status":"open","sticky":false,"template":"","format":"standard","meta":{"footnotes":""},"categories":[1],"tags":[],"class_list":["post-29744","post","type-post","status-publish","format-standard","has-post-thumbnail","hentry","category-noticias"],"_links":{"self":[{"href":"https:\/\/blogdorogeriogomes.com.br\/noticias\/wp-json\/wp\/v2\/posts\/29744","targetHints":{"allow":["GET"]}}],"collection":[{"href":"https:\/\/blogdorogeriogomes.com.br\/noticias\/wp-json\/wp\/v2\/posts"}],"about":[{"href":"https:\/\/blogdorogeriogomes.com.br\/noticias\/wp-json\/wp\/v2\/types\/post"}],"author":[{"embeddable":true,"href":"https:\/\/blogdorogeriogomes.com.br\/noticias\/wp-json\/wp\/v2\/users\/1"}],"replies":[{"embeddable":true,"href":"https:\/\/blogdorogeriogomes.com.br\/noticias\/wp-json\/wp\/v2\/comments?post=29744"}],"version-history":[{"count":2,"href":"https:\/\/blogdorogeriogomes.com.br\/noticias\/wp-json\/wp\/v2\/posts\/29744\/revisions"}],"predecessor-version":[{"id":29747,"href":"https:\/\/blogdorogeriogomes.com.br\/noticias\/wp-json\/wp\/v2\/posts\/29744\/revisions\/29747"}],"wp:featuredmedia":[{"embeddable":true,"href":"https:\/\/blogdorogeriogomes.com.br\/noticias\/wp-json\/wp\/v2\/media\/29745"}],"wp:attachment":[{"href":"https:\/\/blogdorogeriogomes.com.br\/noticias\/wp-json\/wp\/v2\/media?parent=29744"}],"wp:term":[{"taxonomy":"category","embeddable":true,"href":"https:\/\/blogdorogeriogomes.com.br\/noticias\/wp-json\/wp\/v2\/categories?post=29744"},{"taxonomy":"post_tag","embeddable":true,"href":"https:\/\/blogdorogeriogomes.com.br\/noticias\/wp-json\/wp\/v2\/tags?post=29744"}],"curies":[{"name":"wp","href":"https:\/\/api.w.org\/{rel}","templated":true}]}}