{"id":29748,"date":"2023-07-05T10:17:40","date_gmt":"2023-07-05T10:17:40","guid":{"rendered":"https:\/\/blogdorogeriogomes.com.br\/?p=29748"},"modified":"2023-07-10T09:13:51","modified_gmt":"2023-07-10T09:13:51","slug":"espigoes-da-avenida-beira-mar-vao-ganhar-investimentos-da-iniciativa-privada","status":"publish","type":"post","link":"https:\/\/blogdorogeriogomes.com.br\/noticias\/2023\/07\/espigoes-da-avenida-beira-mar-vao-ganhar-investimentos-da-iniciativa-privada\/","title":{"rendered":"Espig\u00f5es da avenida Beira-Mar v\u00e3o ganhar investimentos da iniciativa privada"},"content":{"rendered":"\n<p>A avenida Beira-Mar em Fortaleza vai ganhar novos investimentos da iniciativa privada. A Prefeitura da Capital divulgou o resultado da licita\u00e7\u00e3o da concess\u00e3o dos espig\u00f5es da avenida. Foi assinado um contrato de R$ 5,9 milh\u00f5es com a Cons\u00f3rcio P\u00eder Beira-Mar, que venceu a concorr\u00eancia. O prazo \u00e9 de 16 anos.<\/p>\n\n\n\n<p>Agora, a empresa passa a ter direito ao uso comercial da \u00e1rea, assumindo a responsabilidade de investir em melhorias urban\u00edsticas, manuten\u00e7\u00e3o e conserva\u00e7\u00e3o. A \u00e1rea a ser concedida abrange os espig\u00f5es das avenidas Desembargador Moreira e Rui Barbosa.<\/p>\n\n\n\n<figure class=\"wp-block-image size-full\"><img loading=\"lazy\" decoding=\"async\" width=\"984\" height=\"554\" src=\"https:\/\/blogdorogeriogomes.com.br\/wp-content\/uploads\/2023\/07\/espigao-nautico.jpeg\" alt=\"\" class=\"wp-image-29749\" srcset=\"https:\/\/blogdorogeriogomes.com.br\/noticias\/wp-content\/uploads\/2023\/07\/espigao-nautico.jpeg 984w, https:\/\/blogdorogeriogomes.com.br\/noticias\/wp-content\/uploads\/2023\/07\/espigao-nautico-300x169.jpeg 300w, https:\/\/blogdorogeriogomes.com.br\/noticias\/wp-content\/uploads\/2023\/07\/espigao-nautico-768x432.jpeg 768w, https:\/\/blogdorogeriogomes.com.br\/noticias\/wp-content\/uploads\/2023\/07\/espigao-nautico-800x450.jpeg 800w\" sizes=\"auto, (max-width: 984px) 100vw, 984px\" \/><\/figure>\n","protected":false},"excerpt":{"rendered":"<p>A avenida Beira-Mar em Fortaleza vai ganhar novos investimentos da iniciativa privada. A Prefeitura da Capital divulgou o resultado da licita\u00e7\u00e3o da concess\u00e3o dos espig\u00f5es da avenida. Foi assinado um contrato de R$ 5,9 milh\u00f5es com a Cons\u00f3rcio P\u00eder Beira-Mar, que venceu a concorr\u00eancia. O prazo \u00e9 de 16 anos. Agora, a empresa passa a ter direito ao uso comercial da \u00e1rea, assumindo a responsabilidade de investir em melhorias urban\u00edsticas, manuten\u00e7\u00e3o e conserva\u00e7\u00e3o. A \u00e1rea a ser concedida abrange&hellip;<\/p>\n","protected":false},"author":1,"featured_media":29749,"comment_status":"open","ping_status":"open","sticky":false,"template":"","format":"standard","meta":{"footnotes":""},"categories":[1],"tags":[],"class_list":["post-29748","post","type-post","status-publish","format-standard","has-post-thumbnail","hentry","category-noticias"],"_links":{"self":[{"href":"https:\/\/blogdorogeriogomes.com.br\/noticias\/wp-json\/wp\/v2\/posts\/29748","targetHints":{"allow":["GET"]}}],"collection":[{"href":"https:\/\/blogdorogeriogomes.com.br\/noticias\/wp-json\/wp\/v2\/posts"}],"about":[{"href":"https:\/\/blogdorogeriogomes.com.br\/noticias\/wp-json\/wp\/v2\/types\/post"}],"author":[{"embeddable":true,"href":"https:\/\/blogdorogeriogomes.com.br\/noticias\/wp-json\/wp\/v2\/users\/1"}],"replies":[{"embeddable":true,"href":"https:\/\/blogdorogeriogomes.com.br\/noticias\/wp-json\/wp\/v2\/comments?post=29748"}],"version-history":[{"count":1,"href":"https:\/\/blogdorogeriogomes.com.br\/noticias\/wp-json\/wp\/v2\/posts\/29748\/revisions"}],"predecessor-version":[{"id":29750,"href":"https:\/\/blogdorogeriogomes.com.br\/noticias\/wp-json\/wp\/v2\/posts\/29748\/revisions\/29750"}],"wp:featuredmedia":[{"embeddable":true,"href":"https:\/\/blogdorogeriogomes.com.br\/noticias\/wp-json\/wp\/v2\/media\/29749"}],"wp:attachment":[{"href":"https:\/\/blogdorogeriogomes.com.br\/noticias\/wp-json\/wp\/v2\/media?parent=29748"}],"wp:term":[{"taxonomy":"category","embeddable":true,"href":"https:\/\/blogdorogeriogomes.com.br\/noticias\/wp-json\/wp\/v2\/categories?post=29748"},{"taxonomy":"post_tag","embeddable":true,"href":"https:\/\/blogdorogeriogomes.com.br\/noticias\/wp-json\/wp\/v2\/tags?post=29748"}],"curies":[{"name":"wp","href":"https:\/\/api.w.org\/{rel}","templated":true}]}}