{"id":29751,"date":"2023-07-05T20:36:25","date_gmt":"2023-07-05T20:36:25","guid":{"rendered":"https:\/\/blogdorogeriogomes.com.br\/?p=29751"},"modified":"2023-07-10T09:14:04","modified_gmt":"2023-07-10T09:14:04","slug":"elmano-de-freitas-se-reune-com-bancada-cearense-em-brasilia-para-fechar-proposta-para-reforma-tributaria","status":"publish","type":"post","link":"https:\/\/blogdorogeriogomes.com.br\/noticias\/2023\/07\/elmano-de-freitas-se-reune-com-bancada-cearense-em-brasilia-para-fechar-proposta-para-reforma-tributaria\/","title":{"rendered":"Elmano de Freitas se re\u00fane com bancada cearense em Bras\u00edlia para fechar proposta para reforma tribut\u00e1ria"},"content":{"rendered":"\n<p>O governador do Cear\u00e1, Elmano de Freitas (PT), se reuniu com a bancada federal em Bras\u00edlia, nesta quarta-feira, dia 5 de julho, para discutir a proposta da reforma tribut\u00e1ria, em tramita\u00e7\u00e3o no Congresso Nacional. Em pauta, tamb\u00e9m, temas relacionados ao Or\u00e7amento Geral da Uni\u00e3o no Cear\u00e1. &#8220;No encontro, realizado em Bras\u00edlia, dialogamos com os parlamentares com o objetivo de garantir mais conquistas para o nosso Cear\u00e1 e melhorar a vida do nosso povo&#8221;, disse Elmano.<\/p>\n\n\n\n<p>O governador cearense defende a cria\u00e7\u00e3o do Fundo de Desenvolvimento Regional e a distribui\u00e7\u00e3o dos seus recursos, garantindo mais verba para as regi\u00f5es, historicamente, menos desenvolvidas, como o Nordeste. &#8220;Quanto menor o PIB do estado, mais recursos. Deste modo, reduzimos as desigualdades regionais e colaboramos para o crescimento de todo o Brasil e n\u00e3o apenas de algumas regi\u00f5es&#8221;, completou o chefe do Executivo.<\/p>\n\n\n\n<figure class=\"wp-block-image size-large\"><img loading=\"lazy\" decoding=\"async\" width=\"1024\" height=\"838\" src=\"https:\/\/blogdorogeriogomes.com.br\/wp-content\/uploads\/2023\/07\/IMG-20230705-WA02112-1024x838.jpg\" alt=\"\" class=\"wp-image-29752\" srcset=\"https:\/\/blogdorogeriogomes.com.br\/noticias\/wp-content\/uploads\/2023\/07\/IMG-20230705-WA02112-1024x838.jpg 1024w, https:\/\/blogdorogeriogomes.com.br\/noticias\/wp-content\/uploads\/2023\/07\/IMG-20230705-WA02112-300x246.jpg 300w, https:\/\/blogdorogeriogomes.com.br\/noticias\/wp-content\/uploads\/2023\/07\/IMG-20230705-WA02112-768x629.jpg 768w, https:\/\/blogdorogeriogomes.com.br\/noticias\/wp-content\/uploads\/2023\/07\/IMG-20230705-WA02112-800x655.jpg 800w, https:\/\/blogdorogeriogomes.com.br\/noticias\/wp-content\/uploads\/2023\/07\/IMG-20230705-WA02112.jpg 1080w\" sizes=\"auto, (max-width: 1024px) 100vw, 1024px\" \/><\/figure>\n","protected":false},"excerpt":{"rendered":"<p>O governador do Cear\u00e1, Elmano de Freitas (PT), se reuniu com a bancada federal em Bras\u00edlia, nesta quarta-feira, dia 5 de julho, para discutir a proposta da reforma tribut\u00e1ria, em tramita\u00e7\u00e3o no Congresso Nacional. Em pauta, tamb\u00e9m, temas relacionados ao Or\u00e7amento Geral da Uni\u00e3o no Cear\u00e1. &#8220;No encontro, realizado em Bras\u00edlia, dialogamos com os parlamentares com o objetivo de garantir mais conquistas para o nosso Cear\u00e1 e melhorar a vida do nosso povo&#8221;, disse Elmano. O governador cearense defende&hellip;<\/p>\n","protected":false},"author":1,"featured_media":29752,"comment_status":"open","ping_status":"open","sticky":false,"template":"","format":"standard","meta":{"footnotes":""},"categories":[1],"tags":[],"class_list":["post-29751","post","type-post","status-publish","format-standard","has-post-thumbnail","hentry","category-noticias"],"_links":{"self":[{"href":"https:\/\/blogdorogeriogomes.com.br\/noticias\/wp-json\/wp\/v2\/posts\/29751","targetHints":{"allow":["GET"]}}],"collection":[{"href":"https:\/\/blogdorogeriogomes.com.br\/noticias\/wp-json\/wp\/v2\/posts"}],"about":[{"href":"https:\/\/blogdorogeriogomes.com.br\/noticias\/wp-json\/wp\/v2\/types\/post"}],"author":[{"embeddable":true,"href":"https:\/\/blogdorogeriogomes.com.br\/noticias\/wp-json\/wp\/v2\/users\/1"}],"replies":[{"embeddable":true,"href":"https:\/\/blogdorogeriogomes.com.br\/noticias\/wp-json\/wp\/v2\/comments?post=29751"}],"version-history":[{"count":1,"href":"https:\/\/blogdorogeriogomes.com.br\/noticias\/wp-json\/wp\/v2\/posts\/29751\/revisions"}],"predecessor-version":[{"id":29753,"href":"https:\/\/blogdorogeriogomes.com.br\/noticias\/wp-json\/wp\/v2\/posts\/29751\/revisions\/29753"}],"wp:featuredmedia":[{"embeddable":true,"href":"https:\/\/blogdorogeriogomes.com.br\/noticias\/wp-json\/wp\/v2\/media\/29752"}],"wp:attachment":[{"href":"https:\/\/blogdorogeriogomes.com.br\/noticias\/wp-json\/wp\/v2\/media?parent=29751"}],"wp:term":[{"taxonomy":"category","embeddable":true,"href":"https:\/\/blogdorogeriogomes.com.br\/noticias\/wp-json\/wp\/v2\/categories?post=29751"},{"taxonomy":"post_tag","embeddable":true,"href":"https:\/\/blogdorogeriogomes.com.br\/noticias\/wp-json\/wp\/v2\/tags?post=29751"}],"curies":[{"name":"wp","href":"https:\/\/api.w.org\/{rel}","templated":true}]}}