{"id":29754,"date":"2023-07-05T22:50:25","date_gmt":"2023-07-05T22:50:25","guid":{"rendered":"https:\/\/blogdorogeriogomes.com.br\/?p=29754"},"modified":"2023-07-10T09:14:10","modified_gmt":"2023-07-10T09:14:10","slug":"sarto-entrega-novas-viaturas-para-reforcar-a-seguranca-escolar-da-rede-municipal-de-fortaleza","status":"publish","type":"post","link":"https:\/\/blogdorogeriogomes.com.br\/noticias\/2023\/07\/sarto-entrega-novas-viaturas-para-reforcar-a-seguranca-escolar-da-rede-municipal-de-fortaleza\/","title":{"rendered":"Sarto entrega novas viaturas para refor\u00e7ar a seguran\u00e7a escolar da Rede Municipal de Fortaleza"},"content":{"rendered":"\n<p>A Prefeitura de Fortaleza entregou, nesta quarta-feira, dia 5 de julho, 10 novas viaturas que ser\u00e3o incorporadas \u00e0 frota da Inspetoria de Seguran\u00e7a Escolar da Guarda Municipal de Fortaleza (GMF), respons\u00e1vel por fazer as rondas nas escolas da Capital. <\/p>\n\n\n\n<p>Segundo o prefeito Jos\u00e9 Sarto, a aquisi\u00e7\u00e3o triplica o n\u00famero de ve\u00edculos dispon\u00edveis para a seguran\u00e7a escolar e est\u00e1 enquadrada em um conjunto de investimentos para melhorar a seguran\u00e7a escolar da cidade, como a amplia\u00e7\u00e3o da rede de videomonitoramento e do efetivo de guardas.<\/p>\n\n\n\n<p>Os novos ve\u00edculos foram adquiridos pela Prefeitura de Fortaleza por meio de um conv\u00eanio entre Secretaria Municipal da Seguran\u00e7a Cidad\u00e3 (Sesec) e Secretaria Municipal da Educa\u00e7\u00e3o (SME). Todos s\u00e3o do modelo Duster e seguem a identidade visual da Inspetoria.<\/p>\n\n\n\n<figure class=\"wp-block-image size-large\"><img loading=\"lazy\" decoding=\"async\" width=\"1024\" height=\"601\" src=\"https:\/\/blogdorogeriogomes.com.br\/wp-content\/uploads\/2023\/07\/05-07-2023-Guarda-DSC07480-1024x601.jpg\" alt=\"\" class=\"wp-image-29757\" srcset=\"https:\/\/blogdorogeriogomes.com.br\/noticias\/wp-content\/uploads\/2023\/07\/05-07-2023-Guarda-DSC07480-1024x601.jpg 1024w, https:\/\/blogdorogeriogomes.com.br\/noticias\/wp-content\/uploads\/2023\/07\/05-07-2023-Guarda-DSC07480-300x176.jpg 300w, https:\/\/blogdorogeriogomes.com.br\/noticias\/wp-content\/uploads\/2023\/07\/05-07-2023-Guarda-DSC07480-768x451.jpg 768w, https:\/\/blogdorogeriogomes.com.br\/noticias\/wp-content\/uploads\/2023\/07\/05-07-2023-Guarda-DSC07480-1536x902.jpg 1536w, https:\/\/blogdorogeriogomes.com.br\/noticias\/wp-content\/uploads\/2023\/07\/05-07-2023-Guarda-DSC07480-800x470.jpg 800w, https:\/\/blogdorogeriogomes.com.br\/noticias\/wp-content\/uploads\/2023\/07\/05-07-2023-Guarda-DSC07480.jpg 1771w\" sizes=\"auto, (max-width: 1024px) 100vw, 1024px\" \/><\/figure>\n","protected":false},"excerpt":{"rendered":"<p>A Prefeitura de Fortaleza entregou, nesta quarta-feira, dia 5 de julho, 10 novas viaturas que ser\u00e3o incorporadas \u00e0 frota da Inspetoria de Seguran\u00e7a Escolar da Guarda Municipal de Fortaleza (GMF), respons\u00e1vel por fazer as rondas nas escolas da Capital. Segundo o prefeito Jos\u00e9 Sarto, a aquisi\u00e7\u00e3o triplica o n\u00famero de ve\u00edculos dispon\u00edveis para a seguran\u00e7a escolar e est\u00e1 enquadrada em um conjunto de investimentos para melhorar a seguran\u00e7a escolar da cidade, como a amplia\u00e7\u00e3o da rede de videomonitoramento e&hellip;<\/p>\n","protected":false},"author":1,"featured_media":29757,"comment_status":"open","ping_status":"open","sticky":false,"template":"","format":"standard","meta":{"footnotes":""},"categories":[1],"tags":[],"class_list":["post-29754","post","type-post","status-publish","format-standard","has-post-thumbnail","hentry","category-noticias"],"_links":{"self":[{"href":"https:\/\/blogdorogeriogomes.com.br\/noticias\/wp-json\/wp\/v2\/posts\/29754","targetHints":{"allow":["GET"]}}],"collection":[{"href":"https:\/\/blogdorogeriogomes.com.br\/noticias\/wp-json\/wp\/v2\/posts"}],"about":[{"href":"https:\/\/blogdorogeriogomes.com.br\/noticias\/wp-json\/wp\/v2\/types\/post"}],"author":[{"embeddable":true,"href":"https:\/\/blogdorogeriogomes.com.br\/noticias\/wp-json\/wp\/v2\/users\/1"}],"replies":[{"embeddable":true,"href":"https:\/\/blogdorogeriogomes.com.br\/noticias\/wp-json\/wp\/v2\/comments?post=29754"}],"version-history":[{"count":1,"href":"https:\/\/blogdorogeriogomes.com.br\/noticias\/wp-json\/wp\/v2\/posts\/29754\/revisions"}],"predecessor-version":[{"id":29758,"href":"https:\/\/blogdorogeriogomes.com.br\/noticias\/wp-json\/wp\/v2\/posts\/29754\/revisions\/29758"}],"wp:featuredmedia":[{"embeddable":true,"href":"https:\/\/blogdorogeriogomes.com.br\/noticias\/wp-json\/wp\/v2\/media\/29757"}],"wp:attachment":[{"href":"https:\/\/blogdorogeriogomes.com.br\/noticias\/wp-json\/wp\/v2\/media?parent=29754"}],"wp:term":[{"taxonomy":"category","embeddable":true,"href":"https:\/\/blogdorogeriogomes.com.br\/noticias\/wp-json\/wp\/v2\/categories?post=29754"},{"taxonomy":"post_tag","embeddable":true,"href":"https:\/\/blogdorogeriogomes.com.br\/noticias\/wp-json\/wp\/v2\/tags?post=29754"}],"curies":[{"name":"wp","href":"https:\/\/api.w.org\/{rel}","templated":true}]}}