{"id":29759,"date":"2023-07-06T09:56:26","date_gmt":"2023-07-06T09:56:26","guid":{"rendered":"https:\/\/blogdorogeriogomes.com.br\/?p=29759"},"modified":"2023-07-10T09:14:21","modified_gmt":"2023-07-10T09:14:21","slug":"nova-reuniao-nesta-quinta-feira-pode-selar-acordo-na-crise-interna-do-pdt-no-ceara","status":"publish","type":"post","link":"https:\/\/blogdorogeriogomes.com.br\/noticias\/2023\/07\/nova-reuniao-nesta-quinta-feira-pode-selar-acordo-na-crise-interna-do-pdt-no-ceara\/","title":{"rendered":"Nova reuni\u00e3o nesta quinta-feira pode selar acordo na crise interna do PDT no Cear\u00e1"},"content":{"rendered":"\n<p>Um dia antes da convoca\u00e7\u00e3o do diret\u00f3rio estadual do PDT no Cear\u00e1 feita pelo grupo encabe\u00e7ado pelo senador Cid Gomes, um novo encontro nesta quinta-feira, dia 6 de julho, pode selar a paz no partido. Cid Gomes e o presidente estadual Andr\u00e9 Figueiredo se reuniram na noite de quarta-feira, dia 5, em Bras\u00edlia, juntamente com o ministro da Previd\u00eancia, Carlos Lupi, que est\u00e1 de licen\u00e7a do cargo de presidente nacional do PDT.<\/p>\n\n\n\n<p>Para acalmar os \u00e2nimos no partido que vive o impasse de ingressar ou n\u00e3o na base partid\u00e1ria do governador Elmano de Freitas (PT), estaria em jogo um pedido de licen\u00e7a do atual presidente estadual Andr\u00e9 Figueiredo para que o senador Cid Gomes assumisse a fun\u00e7\u00e3o. Cid passaria a fazer as articula\u00e7\u00f5es pol\u00edticas visando as elei\u00e7\u00f5es municipais de 2024.<\/p>\n\n\n\n<figure class=\"wp-block-image size-large\"><img loading=\"lazy\" decoding=\"async\" width=\"1024\" height=\"576\" src=\"https:\/\/blogdorogeriogomes.com.br\/wp-content\/uploads\/2023\/07\/WhatsApp-Image-2019-12-13-at-08.51.26-1200x630-1-1024x576.jpeg\" alt=\"\" class=\"wp-image-29760\" srcset=\"https:\/\/blogdorogeriogomes.com.br\/noticias\/wp-content\/uploads\/2023\/07\/WhatsApp-Image-2019-12-13-at-08.51.26-1200x630-1-1024x576.jpeg 1024w, https:\/\/blogdorogeriogomes.com.br\/noticias\/wp-content\/uploads\/2023\/07\/WhatsApp-Image-2019-12-13-at-08.51.26-1200x630-1-300x169.jpeg 300w, https:\/\/blogdorogeriogomes.com.br\/noticias\/wp-content\/uploads\/2023\/07\/WhatsApp-Image-2019-12-13-at-08.51.26-1200x630-1-768x432.jpeg 768w, https:\/\/blogdorogeriogomes.com.br\/noticias\/wp-content\/uploads\/2023\/07\/WhatsApp-Image-2019-12-13-at-08.51.26-1200x630-1-800x450.jpeg 800w, https:\/\/blogdorogeriogomes.com.br\/noticias\/wp-content\/uploads\/2023\/07\/WhatsApp-Image-2019-12-13-at-08.51.26-1200x630-1.jpeg 1120w\" sizes=\"auto, (max-width: 1024px) 100vw, 1024px\" \/><\/figure>\n","protected":false},"excerpt":{"rendered":"<p>Um dia antes da convoca\u00e7\u00e3o do diret\u00f3rio estadual do PDT no Cear\u00e1 feita pelo grupo encabe\u00e7ado pelo senador Cid Gomes, um novo encontro nesta quinta-feira, dia 6 de julho, pode selar a paz no partido. Cid Gomes e o presidente estadual Andr\u00e9 Figueiredo se reuniram na noite de quarta-feira, dia 5, em Bras\u00edlia, juntamente com o ministro da Previd\u00eancia, Carlos Lupi, que est\u00e1 de licen\u00e7a do cargo de presidente nacional do PDT. Para acalmar os \u00e2nimos no partido que&hellip;<\/p>\n","protected":false},"author":1,"featured_media":29760,"comment_status":"open","ping_status":"open","sticky":false,"template":"","format":"standard","meta":{"footnotes":""},"categories":[1],"tags":[],"class_list":["post-29759","post","type-post","status-publish","format-standard","has-post-thumbnail","hentry","category-noticias"],"_links":{"self":[{"href":"https:\/\/blogdorogeriogomes.com.br\/noticias\/wp-json\/wp\/v2\/posts\/29759","targetHints":{"allow":["GET"]}}],"collection":[{"href":"https:\/\/blogdorogeriogomes.com.br\/noticias\/wp-json\/wp\/v2\/posts"}],"about":[{"href":"https:\/\/blogdorogeriogomes.com.br\/noticias\/wp-json\/wp\/v2\/types\/post"}],"author":[{"embeddable":true,"href":"https:\/\/blogdorogeriogomes.com.br\/noticias\/wp-json\/wp\/v2\/users\/1"}],"replies":[{"embeddable":true,"href":"https:\/\/blogdorogeriogomes.com.br\/noticias\/wp-json\/wp\/v2\/comments?post=29759"}],"version-history":[{"count":1,"href":"https:\/\/blogdorogeriogomes.com.br\/noticias\/wp-json\/wp\/v2\/posts\/29759\/revisions"}],"predecessor-version":[{"id":29761,"href":"https:\/\/blogdorogeriogomes.com.br\/noticias\/wp-json\/wp\/v2\/posts\/29759\/revisions\/29761"}],"wp:featuredmedia":[{"embeddable":true,"href":"https:\/\/blogdorogeriogomes.com.br\/noticias\/wp-json\/wp\/v2\/media\/29760"}],"wp:attachment":[{"href":"https:\/\/blogdorogeriogomes.com.br\/noticias\/wp-json\/wp\/v2\/media?parent=29759"}],"wp:term":[{"taxonomy":"category","embeddable":true,"href":"https:\/\/blogdorogeriogomes.com.br\/noticias\/wp-json\/wp\/v2\/categories?post=29759"},{"taxonomy":"post_tag","embeddable":true,"href":"https:\/\/blogdorogeriogomes.com.br\/noticias\/wp-json\/wp\/v2\/tags?post=29759"}],"curies":[{"name":"wp","href":"https:\/\/api.w.org\/{rel}","templated":true}]}}