{"id":29762,"date":"2023-07-06T20:25:33","date_gmt":"2023-07-06T20:25:33","guid":{"rendered":"https:\/\/blogdorogeriogomes.com.br\/?p=29762"},"modified":"2023-07-10T09:14:28","modified_gmt":"2023-07-10T09:14:28","slug":"apoio-de-tarcisio-de-freitas-a-reforma-tributaria-revolta-bolsonaro-e-aliados-radicais","status":"publish","type":"post","link":"https:\/\/blogdorogeriogomes.com.br\/noticias\/2023\/07\/apoio-de-tarcisio-de-freitas-a-reforma-tributaria-revolta-bolsonaro-e-aliados-radicais\/","title":{"rendered":"Apoio de Tarc\u00edsio de Freitas \u00e0 reforma tribut\u00e1ria revolta Bolsonaro e aliados radicais"},"content":{"rendered":"\n<p>O ex-presidente Jair Bolsonaro (PL) entrou em rota de colis\u00e3o com o governador de S\u00e3o Paulo, Tarc\u00edsio de Freitas (Republicanos), ap\u00f3s o mesmo aparecer ao lado do ministro da Fazenda, Fernando Haddad (PT), apoiando a proposta de reforma tribut\u00e1ria defendida pelo Governo Lula. Em evento do PL com Bolsonaro, Tarc\u00edsio de Freitas recebeu vaias e foi hostilizado por aliados radicais do ex-presidente.<\/p>\n\n\n\n<p>A postura do governador de S\u00e3o Paulo, em apoiar a proposta de reforma tribut\u00e1ria no Congresso Nacional, irritou Bolsonaro, que, durante a reuni\u00e3o, afirmou que Tarc\u00edsio n\u00e3o possui experi\u00eancia pol\u00edtica, expondo seu descontentamento com seu afilhado pol\u00edtico.<\/p>\n\n\n\n<p>Sem propostas concretas para o Pa\u00eds, Bolsonaro e seus aliados de extrema-direita preferem ser do contra pelo contra. At\u00e9 governadores da oposi\u00e7\u00e3o est\u00e3o mostrando apoio em buscar a simplifica\u00e7\u00e3o dos tributos no Brasil.<\/p>\n\n\n\n<figure class=\"wp-block-image size-full\"><img loading=\"lazy\" decoding=\"async\" width=\"984\" height=\"554\" src=\"https:\/\/blogdorogeriogomes.com.br\/wp-content\/uploads\/2023\/07\/i0836-governado-ministerio-fazendo-05072023-frame-42765.jpeg\" alt=\"\" class=\"wp-image-29763\" srcset=\"https:\/\/blogdorogeriogomes.com.br\/noticias\/wp-content\/uploads\/2023\/07\/i0836-governado-ministerio-fazendo-05072023-frame-42765.jpeg 984w, https:\/\/blogdorogeriogomes.com.br\/noticias\/wp-content\/uploads\/2023\/07\/i0836-governado-ministerio-fazendo-05072023-frame-42765-300x169.jpeg 300w, https:\/\/blogdorogeriogomes.com.br\/noticias\/wp-content\/uploads\/2023\/07\/i0836-governado-ministerio-fazendo-05072023-frame-42765-768x432.jpeg 768w, https:\/\/blogdorogeriogomes.com.br\/noticias\/wp-content\/uploads\/2023\/07\/i0836-governado-ministerio-fazendo-05072023-frame-42765-800x450.jpeg 800w\" sizes=\"auto, (max-width: 984px) 100vw, 984px\" \/><\/figure>\n","protected":false},"excerpt":{"rendered":"<p>O ex-presidente Jair Bolsonaro (PL) entrou em rota de colis\u00e3o com o governador de S\u00e3o Paulo, Tarc\u00edsio de Freitas (Republicanos), ap\u00f3s o mesmo aparecer ao lado do ministro da Fazenda, Fernando Haddad (PT), apoiando a proposta de reforma tribut\u00e1ria defendida pelo Governo Lula. Em evento do PL com Bolsonaro, Tarc\u00edsio de Freitas recebeu vaias e foi hostilizado por aliados radicais do ex-presidente. A postura do governador de S\u00e3o Paulo, em apoiar a proposta de reforma tribut\u00e1ria no Congresso Nacional,&hellip;<\/p>\n","protected":false},"author":1,"featured_media":29763,"comment_status":"open","ping_status":"open","sticky":false,"template":"","format":"standard","meta":{"footnotes":""},"categories":[1],"tags":[],"class_list":["post-29762","post","type-post","status-publish","format-standard","has-post-thumbnail","hentry","category-noticias"],"_links":{"self":[{"href":"https:\/\/blogdorogeriogomes.com.br\/noticias\/wp-json\/wp\/v2\/posts\/29762","targetHints":{"allow":["GET"]}}],"collection":[{"href":"https:\/\/blogdorogeriogomes.com.br\/noticias\/wp-json\/wp\/v2\/posts"}],"about":[{"href":"https:\/\/blogdorogeriogomes.com.br\/noticias\/wp-json\/wp\/v2\/types\/post"}],"author":[{"embeddable":true,"href":"https:\/\/blogdorogeriogomes.com.br\/noticias\/wp-json\/wp\/v2\/users\/1"}],"replies":[{"embeddable":true,"href":"https:\/\/blogdorogeriogomes.com.br\/noticias\/wp-json\/wp\/v2\/comments?post=29762"}],"version-history":[{"count":2,"href":"https:\/\/blogdorogeriogomes.com.br\/noticias\/wp-json\/wp\/v2\/posts\/29762\/revisions"}],"predecessor-version":[{"id":29765,"href":"https:\/\/blogdorogeriogomes.com.br\/noticias\/wp-json\/wp\/v2\/posts\/29762\/revisions\/29765"}],"wp:featuredmedia":[{"embeddable":true,"href":"https:\/\/blogdorogeriogomes.com.br\/noticias\/wp-json\/wp\/v2\/media\/29763"}],"wp:attachment":[{"href":"https:\/\/blogdorogeriogomes.com.br\/noticias\/wp-json\/wp\/v2\/media?parent=29762"}],"wp:term":[{"taxonomy":"category","embeddable":true,"href":"https:\/\/blogdorogeriogomes.com.br\/noticias\/wp-json\/wp\/v2\/categories?post=29762"},{"taxonomy":"post_tag","embeddable":true,"href":"https:\/\/blogdorogeriogomes.com.br\/noticias\/wp-json\/wp\/v2\/tags?post=29762"}],"curies":[{"name":"wp","href":"https:\/\/api.w.org\/{rel}","templated":true}]}}