{"id":29769,"date":"2023-07-07T10:39:18","date_gmt":"2023-07-07T10:39:18","guid":{"rendered":"https:\/\/blogdorogeriogomes.com.br\/?p=29769"},"modified":"2023-07-10T09:14:46","modified_gmt":"2023-07-10T09:14:46","slug":"prefeitura-lanca-programa-de-aprendizado-de-uma-segundo-idioma-na-capital","status":"publish","type":"post","link":"https:\/\/blogdorogeriogomes.com.br\/noticias\/2023\/07\/prefeitura-lanca-programa-de-aprendizado-de-uma-segundo-idioma-na-capital\/","title":{"rendered":"Prefeitura lan\u00e7a programa de aprendizado de uma segundo idioma na Capital"},"content":{"rendered":"\n<p>O prefeito de Fortaleza, Jos\u00e9 Sarto (PT), lan\u00e7ou nesta quinta-feira, dia 7 de julho, um programa de aprendizado de um segundo idioma na Capital: o Fortaleza Bil\u00edngue. A pol\u00edtica de inova\u00e7\u00e3o visa beneficiar, por ano, mais de 118 mil pessoas com as a\u00e7\u00f5es ofertadas. Os cursos s\u00e3o gratuitos e adaptados para todas as idades. <\/p>\n\n\n\n<p>O programa \u00e9 voltado para tr\u00eas eixos: alunos e professores da rede p\u00fablica, profissionais do setor produtivo e popula\u00e7\u00e3o em geral.<\/p>\n\n\n\n<p>&#8220;Esse \u00e9 mais um incentivo da Prefeitura no fortalecimento do desenvolvimento socioecon\u00f4mico, na qualifica\u00e7\u00e3o profissional e na gera\u00e7\u00e3o de novos neg\u00f3cios. \u00c9 uma alegria lan\u00e7ar um programa como esse e entregar a sua sede, a Embaixada Bil\u00edngue, na avenida Padre Ant\u00f4nio Tom\u00e1s&#8221;, destacou Jos\u00e9 Sarto.<\/p>\n\n\n\n<figure class=\"wp-block-image size-large\"><img loading=\"lazy\" decoding=\"async\" width=\"1024\" height=\"684\" src=\"https:\/\/blogdorogeriogomes.com.br\/wp-content\/uploads\/2023\/07\/IMG-20230707-WA0016-1024x684.jpg\" alt=\"\" class=\"wp-image-29770\" srcset=\"https:\/\/blogdorogeriogomes.com.br\/noticias\/wp-content\/uploads\/2023\/07\/IMG-20230707-WA0016-1024x684.jpg 1024w, https:\/\/blogdorogeriogomes.com.br\/noticias\/wp-content\/uploads\/2023\/07\/IMG-20230707-WA0016-300x200.jpg 300w, https:\/\/blogdorogeriogomes.com.br\/noticias\/wp-content\/uploads\/2023\/07\/IMG-20230707-WA0016-768x513.jpg 768w, https:\/\/blogdorogeriogomes.com.br\/noticias\/wp-content\/uploads\/2023\/07\/IMG-20230707-WA0016-800x534.jpg 800w, https:\/\/blogdorogeriogomes.com.br\/noticias\/wp-content\/uploads\/2023\/07\/IMG-20230707-WA0016.jpg 1080w\" sizes=\"auto, (max-width: 1024px) 100vw, 1024px\" \/><\/figure>\n\n\n\n<h1 class=\"wp-block-heading\"><\/h1>\n\n\n\n<p><\/p>\n","protected":false},"excerpt":{"rendered":"<p>O prefeito de Fortaleza, Jos\u00e9 Sarto (PT), lan\u00e7ou nesta quinta-feira, dia 7 de julho, um programa de aprendizado de um segundo idioma na Capital: o Fortaleza Bil\u00edngue. A pol\u00edtica de inova\u00e7\u00e3o visa beneficiar, por ano, mais de 118 mil pessoas com as a\u00e7\u00f5es ofertadas. Os cursos s\u00e3o gratuitos e adaptados para todas as idades. O programa \u00e9 voltado para tr\u00eas eixos: alunos e professores da rede p\u00fablica, profissionais do setor produtivo e popula\u00e7\u00e3o em geral. &#8220;Esse \u00e9 mais um&hellip;<\/p>\n","protected":false},"author":1,"featured_media":29770,"comment_status":"open","ping_status":"open","sticky":false,"template":"","format":"standard","meta":{"footnotes":""},"categories":[1],"tags":[],"class_list":["post-29769","post","type-post","status-publish","format-standard","has-post-thumbnail","hentry","category-noticias"],"_links":{"self":[{"href":"https:\/\/blogdorogeriogomes.com.br\/noticias\/wp-json\/wp\/v2\/posts\/29769","targetHints":{"allow":["GET"]}}],"collection":[{"href":"https:\/\/blogdorogeriogomes.com.br\/noticias\/wp-json\/wp\/v2\/posts"}],"about":[{"href":"https:\/\/blogdorogeriogomes.com.br\/noticias\/wp-json\/wp\/v2\/types\/post"}],"author":[{"embeddable":true,"href":"https:\/\/blogdorogeriogomes.com.br\/noticias\/wp-json\/wp\/v2\/users\/1"}],"replies":[{"embeddable":true,"href":"https:\/\/blogdorogeriogomes.com.br\/noticias\/wp-json\/wp\/v2\/comments?post=29769"}],"version-history":[{"count":1,"href":"https:\/\/blogdorogeriogomes.com.br\/noticias\/wp-json\/wp\/v2\/posts\/29769\/revisions"}],"predecessor-version":[{"id":29771,"href":"https:\/\/blogdorogeriogomes.com.br\/noticias\/wp-json\/wp\/v2\/posts\/29769\/revisions\/29771"}],"wp:featuredmedia":[{"embeddable":true,"href":"https:\/\/blogdorogeriogomes.com.br\/noticias\/wp-json\/wp\/v2\/media\/29770"}],"wp:attachment":[{"href":"https:\/\/blogdorogeriogomes.com.br\/noticias\/wp-json\/wp\/v2\/media?parent=29769"}],"wp:term":[{"taxonomy":"category","embeddable":true,"href":"https:\/\/blogdorogeriogomes.com.br\/noticias\/wp-json\/wp\/v2\/categories?post=29769"},{"taxonomy":"post_tag","embeddable":true,"href":"https:\/\/blogdorogeriogomes.com.br\/noticias\/wp-json\/wp\/v2\/tags?post=29769"}],"curies":[{"name":"wp","href":"https:\/\/api.w.org\/{rel}","templated":true}]}}