{"id":29772,"date":"2023-07-07T19:48:38","date_gmt":"2023-07-07T19:48:38","guid":{"rendered":"https:\/\/blogdorogeriogomes.com.br\/?p=29772"},"modified":"2023-07-10T09:14:59","modified_gmt":"2023-07-10T09:14:59","slug":"expocrato-2023-tera-abertura-neste-domingo-com-expectativa-de-r-30-milhoes-em-negocios","status":"publish","type":"post","link":"https:\/\/blogdorogeriogomes.com.br\/noticias\/2023\/07\/expocrato-2023-tera-abertura-neste-domingo-com-expectativa-de-r-30-milhoes-em-negocios\/","title":{"rendered":"Expocrato 2023 ter\u00e1 abertura neste domingo com expectativa de R$ 30 milh\u00f5es em neg\u00f3cios"},"content":{"rendered":"\n<p>Come\u00e7a neste domingo, dia 9 de julho, a Expocrato 2023, na cidade do Crato, no Cariri. A abertura oficial acontece \u00e0s 18 horas, no Parque de Exposi\u00e7\u00f5es Pedro Fel\u00edcio Cavalcanti, com a presen\u00e7a do governador Elmano de Freitas e de v\u00e1rias autoridades da regi\u00e3o .<\/p>\n\n\n\n<p>A feira agropecu\u00e1ria \u00e9 considerada um dos maiores eventos do setor no Nordeste. A estimativa \u00e9 que a feira de neg\u00f3cios movimente mais de R$ 30 milh\u00f5es, segundo os organizadores da feira que tamb\u00e9m envolve um festival de m\u00fasica durante oito dias.<br>O festival conta com atra\u00e7\u00f5es nacionais e regionais. A estimativa \u00e9 reunir cerca de 500 mil pessoas durante o evento, vindas de todo o Cear\u00e1 e tamb\u00e9m estados vizinhos. Ser\u00e3o mais de 50 artistas dos ritmos sertanejos, piseiro, forr\u00f3, pop rock, brega, ax\u00e9 e pagode. Na estrutura, que j\u00e1 est\u00e1 em fase de finaliza\u00e7\u00e3o, al\u00e9m dos palcos, foram montados roda gigante, camarotes e pra\u00e7a de alimenta\u00e7\u00e3o.<\/p>\n\n\n\n<figure class=\"wp-block-image size-full\"><img loading=\"lazy\" decoding=\"async\" width=\"632\" height=\"452\" src=\"https:\/\/blogdorogeriogomes.com.br\/wp-content\/uploads\/2023\/07\/images-12.jpeg\" alt=\"\" class=\"wp-image-29773\" srcset=\"https:\/\/blogdorogeriogomes.com.br\/noticias\/wp-content\/uploads\/2023\/07\/images-12.jpeg 632w, https:\/\/blogdorogeriogomes.com.br\/noticias\/wp-content\/uploads\/2023\/07\/images-12-300x215.jpeg 300w\" sizes=\"auto, (max-width: 632px) 100vw, 632px\" \/><\/figure>\n","protected":false},"excerpt":{"rendered":"<p>Come\u00e7a neste domingo, dia 9 de julho, a Expocrato 2023, na cidade do Crato, no Cariri. A abertura oficial acontece \u00e0s 18 horas, no Parque de Exposi\u00e7\u00f5es Pedro Fel\u00edcio Cavalcanti, com a presen\u00e7a do governador Elmano de Freitas e de v\u00e1rias autoridades da regi\u00e3o . A feira agropecu\u00e1ria \u00e9 considerada um dos maiores eventos do setor no Nordeste. A estimativa \u00e9 que a feira de neg\u00f3cios movimente mais de R$ 30 milh\u00f5es, segundo os organizadores da feira que tamb\u00e9m&hellip;<\/p>\n","protected":false},"author":1,"featured_media":29773,"comment_status":"open","ping_status":"open","sticky":false,"template":"","format":"standard","meta":{"footnotes":""},"categories":[1],"tags":[],"class_list":["post-29772","post","type-post","status-publish","format-standard","has-post-thumbnail","hentry","category-noticias"],"_links":{"self":[{"href":"https:\/\/blogdorogeriogomes.com.br\/noticias\/wp-json\/wp\/v2\/posts\/29772","targetHints":{"allow":["GET"]}}],"collection":[{"href":"https:\/\/blogdorogeriogomes.com.br\/noticias\/wp-json\/wp\/v2\/posts"}],"about":[{"href":"https:\/\/blogdorogeriogomes.com.br\/noticias\/wp-json\/wp\/v2\/types\/post"}],"author":[{"embeddable":true,"href":"https:\/\/blogdorogeriogomes.com.br\/noticias\/wp-json\/wp\/v2\/users\/1"}],"replies":[{"embeddable":true,"href":"https:\/\/blogdorogeriogomes.com.br\/noticias\/wp-json\/wp\/v2\/comments?post=29772"}],"version-history":[{"count":1,"href":"https:\/\/blogdorogeriogomes.com.br\/noticias\/wp-json\/wp\/v2\/posts\/29772\/revisions"}],"predecessor-version":[{"id":29774,"href":"https:\/\/blogdorogeriogomes.com.br\/noticias\/wp-json\/wp\/v2\/posts\/29772\/revisions\/29774"}],"wp:featuredmedia":[{"embeddable":true,"href":"https:\/\/blogdorogeriogomes.com.br\/noticias\/wp-json\/wp\/v2\/media\/29773"}],"wp:attachment":[{"href":"https:\/\/blogdorogeriogomes.com.br\/noticias\/wp-json\/wp\/v2\/media?parent=29772"}],"wp:term":[{"taxonomy":"category","embeddable":true,"href":"https:\/\/blogdorogeriogomes.com.br\/noticias\/wp-json\/wp\/v2\/categories?post=29772"},{"taxonomy":"post_tag","embeddable":true,"href":"https:\/\/blogdorogeriogomes.com.br\/noticias\/wp-json\/wp\/v2\/tags?post=29772"}],"curies":[{"name":"wp","href":"https:\/\/api.w.org\/{rel}","templated":true}]}}