{"id":29776,"date":"2023-07-12T14:17:57","date_gmt":"2023-07-12T14:17:57","guid":{"rendered":"https:\/\/blogdorogeriogomes.com.br\/?p=29776"},"modified":"2023-07-12T14:17:58","modified_gmt":"2023-07-12T14:17:58","slug":"governo-envia-mensagem-a-assembleia-legislativa-para-criar-secretaria-de-protecao-animal","status":"publish","type":"post","link":"https:\/\/blogdorogeriogomes.com.br\/noticias\/2023\/07\/governo-envia-mensagem-a-assembleia-legislativa-para-criar-secretaria-de-protecao-animal\/","title":{"rendered":"Governo envia mensagem a Assembleia Legislativa para criar Secretaria de Prote\u00e7\u00e3o Animal"},"content":{"rendered":"\n<p>O governador Elmano de Freitas enviou mensagem para a Assembleia Legislativa do Cear\u00e1 para criar a Secretaria de Prote\u00e7\u00e3o Animal. O setor hoje est\u00e1 vinculado a uma coordenadoria na Secretaria do Meio Ambiente. Se aprovada, esta ser\u00e1 a secret\u00e1ria de n\u00famero 33 na gest\u00e3o Elmano de Freitas.<\/p>\n\n\n\n<p>A expectativa \u00e9 que os deputados estaduais votem a cria\u00e7\u00e3o da nova pasta ainda neste m\u00eas de julho, antes do in\u00edcio do recesso parlamentar. \u00a0&#8220;A causa animal \u00e9 um tema de grande import\u00e2ncia e que tem toda a nossa aten\u00e7\u00e3o&#8221;, disse o governador.<\/p>\n\n\n\n<p>A Assembleia Legislativa tamb\u00e9m deve votar outra mensagem governamental que autorizar o Estado a doar 28 mil notebooks entregues aos\u00a0professores estaduais durante a pandemia da Covid-19. A medida busca possibilitar que os equipamentos concedidos aos profissionais possam ficar com eles de forma definitiva.\u00a0 <\/p>\n\n\n\n<figure class=\"wp-block-image size-full\"><img loading=\"lazy\" decoding=\"async\" width=\"800\" height=\"600\" src=\"https:\/\/blogdorogeriogomes.com.br\/wp-content\/uploads\/2023\/07\/1_elmano___freitas___governador___visita___assembleia____legislativa___33_-20998672.jpg\" alt=\"\" class=\"wp-image-29777\" srcset=\"https:\/\/blogdorogeriogomes.com.br\/noticias\/wp-content\/uploads\/2023\/07\/1_elmano___freitas___governador___visita___assembleia____legislativa___33_-20998672.jpg 800w, https:\/\/blogdorogeriogomes.com.br\/noticias\/wp-content\/uploads\/2023\/07\/1_elmano___freitas___governador___visita___assembleia____legislativa___33_-20998672-300x225.jpg 300w, https:\/\/blogdorogeriogomes.com.br\/noticias\/wp-content\/uploads\/2023\/07\/1_elmano___freitas___governador___visita___assembleia____legislativa___33_-20998672-768x576.jpg 768w, https:\/\/blogdorogeriogomes.com.br\/noticias\/wp-content\/uploads\/2023\/07\/1_elmano___freitas___governador___visita___assembleia____legislativa___33_-20998672-400x300.jpg 400w\" sizes=\"auto, (max-width: 800px) 100vw, 800px\" \/><\/figure>\n","protected":false},"excerpt":{"rendered":"<p>O governador Elmano de Freitas enviou mensagem para a Assembleia Legislativa do Cear\u00e1 para criar a Secretaria de Prote\u00e7\u00e3o Animal. O setor hoje est\u00e1 vinculado a uma coordenadoria na Secretaria do Meio Ambiente. Se aprovada, esta ser\u00e1 a secret\u00e1ria de n\u00famero 33 na gest\u00e3o Elmano de Freitas. A expectativa \u00e9 que os deputados estaduais votem a cria\u00e7\u00e3o da nova pasta ainda neste m\u00eas de julho, antes do in\u00edcio do recesso parlamentar. \u00a0&#8220;A causa animal \u00e9 um tema de grande&hellip;<\/p>\n","protected":false},"author":1,"featured_media":0,"comment_status":"open","ping_status":"open","sticky":false,"template":"","format":"standard","meta":{"footnotes":""},"categories":[1],"tags":[],"class_list":["post-29776","post","type-post","status-publish","format-standard","hentry","category-noticias"],"_links":{"self":[{"href":"https:\/\/blogdorogeriogomes.com.br\/noticias\/wp-json\/wp\/v2\/posts\/29776","targetHints":{"allow":["GET"]}}],"collection":[{"href":"https:\/\/blogdorogeriogomes.com.br\/noticias\/wp-json\/wp\/v2\/posts"}],"about":[{"href":"https:\/\/blogdorogeriogomes.com.br\/noticias\/wp-json\/wp\/v2\/types\/post"}],"author":[{"embeddable":true,"href":"https:\/\/blogdorogeriogomes.com.br\/noticias\/wp-json\/wp\/v2\/users\/1"}],"replies":[{"embeddable":true,"href":"https:\/\/blogdorogeriogomes.com.br\/noticias\/wp-json\/wp\/v2\/comments?post=29776"}],"version-history":[{"count":1,"href":"https:\/\/blogdorogeriogomes.com.br\/noticias\/wp-json\/wp\/v2\/posts\/29776\/revisions"}],"predecessor-version":[{"id":29778,"href":"https:\/\/blogdorogeriogomes.com.br\/noticias\/wp-json\/wp\/v2\/posts\/29776\/revisions\/29778"}],"wp:attachment":[{"href":"https:\/\/blogdorogeriogomes.com.br\/noticias\/wp-json\/wp\/v2\/media?parent=29776"}],"wp:term":[{"taxonomy":"category","embeddable":true,"href":"https:\/\/blogdorogeriogomes.com.br\/noticias\/wp-json\/wp\/v2\/categories?post=29776"},{"taxonomy":"post_tag","embeddable":true,"href":"https:\/\/blogdorogeriogomes.com.br\/noticias\/wp-json\/wp\/v2\/tags?post=29776"}],"curies":[{"name":"wp","href":"https:\/\/api.w.org\/{rel}","templated":true}]}}