{"id":29782,"date":"2023-07-12T14:59:05","date_gmt":"2023-07-12T14:59:05","guid":{"rendered":"https:\/\/blogdorogeriogomes.com.br\/?p=29782"},"modified":"2023-07-12T14:59:06","modified_gmt":"2023-07-12T14:59:06","slug":"governo-lula-decide-encerrar-programa-de-escolas-civico-militares-criado-por-bolsonaro","status":"publish","type":"post","link":"https:\/\/blogdorogeriogomes.com.br\/noticias\/2023\/07\/governo-lula-decide-encerrar-programa-de-escolas-civico-militares-criado-por-bolsonaro\/","title":{"rendered":"Governo Lula decide encerrar programa de escolas c\u00edvico-militares criado por Bolsonaro"},"content":{"rendered":"\n<p>O Governo Lula decidiu encerrar o Programa Nacional de Escolas C\u00edvico-Militares, criado pelo ex-presidente Jair Bolsonaro A decis\u00e3o foi informada aos secret\u00e1rios de Educa\u00e7\u00e3o de todo o Pa\u00eds por meio de um of\u00edcio. Criado em 2019, o programa de escolas c\u00edvico-militares estipulava transforma\u00e7\u00e3o de escolas p\u00fablicas para o modelo c\u00edvico-militar. O formato propunha uma divis\u00e3o das gest\u00f5es administrativa e pedag\u00f3gica das escolas, na qual a parte pedag\u00f3gica continuava nas m\u00e3os de educadores civis, mas a gest\u00e3o administrativa passava para os militares.<\/p>\n\n\n\n<p>A decis\u00e3o conjunta do Minist\u00e9rio da Educa\u00e7\u00e3o e do Minist\u00e9rio da Defesa d\u00e1 fim ao que era uma das prioridades do governo na gest\u00e3o Bolsonaro. Haver\u00e1 desmobiliza\u00e7\u00e3o do pessoal das For\u00e7as Armadas dos col\u00e9gios e ado\u00e7\u00e3o gradual de medidas que possibilitem o encerramento do ano letivo dentro da normalidade.<\/p>\n\n\n\n<figure class=\"wp-block-image size-full\"><img loading=\"lazy\" decoding=\"async\" width=\"640\" height=\"427\" src=\"https:\/\/blogdorogeriogomes.com.br\/wp-content\/uploads\/2023\/07\/images-3.jpeg\" alt=\"\" class=\"wp-image-29783\" srcset=\"https:\/\/blogdorogeriogomes.com.br\/noticias\/wp-content\/uploads\/2023\/07\/images-3.jpeg 640w, https:\/\/blogdorogeriogomes.com.br\/noticias\/wp-content\/uploads\/2023\/07\/images-3-300x200.jpeg 300w\" sizes=\"auto, (max-width: 640px) 100vw, 640px\" \/><\/figure>\n","protected":false},"excerpt":{"rendered":"<p>O Governo Lula decidiu encerrar o Programa Nacional de Escolas C\u00edvico-Militares, criado pelo ex-presidente Jair Bolsonaro A decis\u00e3o foi informada aos secret\u00e1rios de Educa\u00e7\u00e3o de todo o Pa\u00eds por meio de um of\u00edcio. Criado em 2019, o programa de escolas c\u00edvico-militares estipulava transforma\u00e7\u00e3o de escolas p\u00fablicas para o modelo c\u00edvico-militar. O formato propunha uma divis\u00e3o das gest\u00f5es administrativa e pedag\u00f3gica das escolas, na qual a parte pedag\u00f3gica continuava nas m\u00e3os de educadores civis, mas a gest\u00e3o administrativa passava para&hellip;<\/p>\n","protected":false},"author":1,"featured_media":0,"comment_status":"open","ping_status":"open","sticky":false,"template":"","format":"standard","meta":{"footnotes":""},"categories":[1],"tags":[],"class_list":["post-29782","post","type-post","status-publish","format-standard","hentry","category-noticias"],"_links":{"self":[{"href":"https:\/\/blogdorogeriogomes.com.br\/noticias\/wp-json\/wp\/v2\/posts\/29782","targetHints":{"allow":["GET"]}}],"collection":[{"href":"https:\/\/blogdorogeriogomes.com.br\/noticias\/wp-json\/wp\/v2\/posts"}],"about":[{"href":"https:\/\/blogdorogeriogomes.com.br\/noticias\/wp-json\/wp\/v2\/types\/post"}],"author":[{"embeddable":true,"href":"https:\/\/blogdorogeriogomes.com.br\/noticias\/wp-json\/wp\/v2\/users\/1"}],"replies":[{"embeddable":true,"href":"https:\/\/blogdorogeriogomes.com.br\/noticias\/wp-json\/wp\/v2\/comments?post=29782"}],"version-history":[{"count":1,"href":"https:\/\/blogdorogeriogomes.com.br\/noticias\/wp-json\/wp\/v2\/posts\/29782\/revisions"}],"predecessor-version":[{"id":29784,"href":"https:\/\/blogdorogeriogomes.com.br\/noticias\/wp-json\/wp\/v2\/posts\/29782\/revisions\/29784"}],"wp:attachment":[{"href":"https:\/\/blogdorogeriogomes.com.br\/noticias\/wp-json\/wp\/v2\/media?parent=29782"}],"wp:term":[{"taxonomy":"category","embeddable":true,"href":"https:\/\/blogdorogeriogomes.com.br\/noticias\/wp-json\/wp\/v2\/categories?post=29782"},{"taxonomy":"post_tag","embeddable":true,"href":"https:\/\/blogdorogeriogomes.com.br\/noticias\/wp-json\/wp\/v2\/tags?post=29782"}],"curies":[{"name":"wp","href":"https:\/\/api.w.org\/{rel}","templated":true}]}}