{"id":29785,"date":"2023-07-12T15:09:31","date_gmt":"2023-07-12T15:09:31","guid":{"rendered":"https:\/\/blogdorogeriogomes.com.br\/?p=29785"},"modified":"2023-07-12T15:09:31","modified_gmt":"2023-07-12T15:09:31","slug":"novos-diretores-do-banco-central-gabriel-galipolo-e-ailton-aquino-tomam-posse-e-abrem-nova-perspectiva-sobre-a-alta-taxa-de-juros","status":"publish","type":"post","link":"https:\/\/blogdorogeriogomes.com.br\/noticias\/2023\/07\/novos-diretores-do-banco-central-gabriel-galipolo-e-ailton-aquino-tomam-posse-e-abrem-nova-perspectiva-sobre-a-alta-taxa-de-juros\/","title":{"rendered":"Novos diretores do Banco Central, Gabriel Gal\u00edpolo e Ailton Aquino tomam posse\u00a0e abrem nova perspectiva sobre a alta taxa de juros"},"content":{"rendered":"\n<p>Indicados pelo governo do presidente Luiz In\u00e1cio Lula da Silva (PT) ao Banco Central, Gabriel Gal\u00edpolo e Ailton Aquino tomaram posse de seus novos cargos na manh\u00e3 desta quarta-feira, dia 12 de julho, em Bras\u00edlia. Gal\u00edpolo, ex-secret\u00e1rio-executivo do ministro da Fazenda, Fernando Haddad, assumiu a Diretoria de Pol\u00edtica Monet\u00e1ria e Ailton de Aquino, servidor de carreira da autoridade monet\u00e1ria, \u00e9 o novo diretor de Fiscaliza\u00e7\u00e3o. Aquino \u00e9 o primeiro negro a assumir uma diretoria no \u00f3rg\u00e3o.Eles tiveram seus nomes aprovados pelo Senado Federal na semana passada.\u00a0<\/p>\n\n\n\n<p>Os novos diretores Lula v\u00e3o se juntar a outros seis integrantes da dire\u00e7\u00e3o da autoridade monet\u00e1ria e ao presidente do Banco Central, Roberto Campos Neto, nas reuni\u00f5es do Comit\u00ea de Pol\u00edtica Monet\u00e1ria (Copom), respons\u00e1vel pela defini\u00e7\u00e3o da taxa b\u00e1sica de juros, a Selic, hoje em 13,75%, maior patamar real em n\u00edvel mundial. <\/p>\n\n\n\n<p>Galipolo e Aquino participar\u00e3o da pr\u00f3xima reuni\u00e3o do Copom, que ser\u00e1 realizada entre os dias 1 e 2 de agosto. Existe a expectativa de parte do mercado financeiro que um corte na taxa Selic seja definido j\u00e1 a partir desta data.\u00a0<\/p>\n\n\n\n<figure class=\"wp-block-image size-full\"><img loading=\"lazy\" decoding=\"async\" width=\"984\" height=\"664\" src=\"https:\/\/blogdorogeriogomes.com.br\/wp-content\/uploads\/2023\/07\/galipolo-e-santos.jpg\" alt=\"\" class=\"wp-image-29786\" srcset=\"https:\/\/blogdorogeriogomes.com.br\/noticias\/wp-content\/uploads\/2023\/07\/galipolo-e-santos.jpg 984w, https:\/\/blogdorogeriogomes.com.br\/noticias\/wp-content\/uploads\/2023\/07\/galipolo-e-santos-300x202.jpg 300w, https:\/\/blogdorogeriogomes.com.br\/noticias\/wp-content\/uploads\/2023\/07\/galipolo-e-santos-768x518.jpg 768w, https:\/\/blogdorogeriogomes.com.br\/noticias\/wp-content\/uploads\/2023\/07\/galipolo-e-santos-800x540.jpg 800w\" sizes=\"auto, (max-width: 984px) 100vw, 984px\" \/><\/figure>\n","protected":false},"excerpt":{"rendered":"<p>Indicados pelo governo do presidente Luiz In\u00e1cio Lula da Silva (PT) ao Banco Central, Gabriel Gal\u00edpolo e Ailton Aquino tomaram posse de seus novos cargos na manh\u00e3 desta quarta-feira, dia 12 de julho, em Bras\u00edlia. Gal\u00edpolo, ex-secret\u00e1rio-executivo do ministro da Fazenda, Fernando Haddad, assumiu a Diretoria de Pol\u00edtica Monet\u00e1ria e Ailton de Aquino, servidor de carreira da autoridade monet\u00e1ria, \u00e9 o novo diretor de Fiscaliza\u00e7\u00e3o. Aquino \u00e9 o primeiro negro a assumir uma diretoria no \u00f3rg\u00e3o.Eles tiveram seus nomes&hellip;<\/p>\n","protected":false},"author":1,"featured_media":0,"comment_status":"open","ping_status":"open","sticky":false,"template":"","format":"standard","meta":{"footnotes":""},"categories":[1],"tags":[],"class_list":["post-29785","post","type-post","status-publish","format-standard","hentry","category-noticias"],"_links":{"self":[{"href":"https:\/\/blogdorogeriogomes.com.br\/noticias\/wp-json\/wp\/v2\/posts\/29785","targetHints":{"allow":["GET"]}}],"collection":[{"href":"https:\/\/blogdorogeriogomes.com.br\/noticias\/wp-json\/wp\/v2\/posts"}],"about":[{"href":"https:\/\/blogdorogeriogomes.com.br\/noticias\/wp-json\/wp\/v2\/types\/post"}],"author":[{"embeddable":true,"href":"https:\/\/blogdorogeriogomes.com.br\/noticias\/wp-json\/wp\/v2\/users\/1"}],"replies":[{"embeddable":true,"href":"https:\/\/blogdorogeriogomes.com.br\/noticias\/wp-json\/wp\/v2\/comments?post=29785"}],"version-history":[{"count":1,"href":"https:\/\/blogdorogeriogomes.com.br\/noticias\/wp-json\/wp\/v2\/posts\/29785\/revisions"}],"predecessor-version":[{"id":29787,"href":"https:\/\/blogdorogeriogomes.com.br\/noticias\/wp-json\/wp\/v2\/posts\/29785\/revisions\/29787"}],"wp:attachment":[{"href":"https:\/\/blogdorogeriogomes.com.br\/noticias\/wp-json\/wp\/v2\/media?parent=29785"}],"wp:term":[{"taxonomy":"category","embeddable":true,"href":"https:\/\/blogdorogeriogomes.com.br\/noticias\/wp-json\/wp\/v2\/categories?post=29785"},{"taxonomy":"post_tag","embeddable":true,"href":"https:\/\/blogdorogeriogomes.com.br\/noticias\/wp-json\/wp\/v2\/tags?post=29785"}],"curies":[{"name":"wp","href":"https:\/\/api.w.org\/{rel}","templated":true}]}}