{"id":29788,"date":"2023-07-13T11:09:57","date_gmt":"2023-07-13T11:09:57","guid":{"rendered":"https:\/\/blogdorogeriogomes.com.br\/?p=29788"},"modified":"2023-07-13T11:09:58","modified_gmt":"2023-07-13T11:09:58","slug":"edital-do-concurso-da-amc-sera-lancado-em-30-dias-diz-sarto","status":"publish","type":"post","link":"https:\/\/blogdorogeriogomes.com.br\/noticias\/2023\/07\/edital-do-concurso-da-amc-sera-lancado-em-30-dias-diz-sarto\/","title":{"rendered":"Edital do concurso da AMC ser\u00e1 lan\u00e7ado em 30 dias, diz Sarto"},"content":{"rendered":"\n<p>O edital do concurso para a Autarquia Municipal de Tr\u00e2nsito e Cidadania (AMC), em Fortaleza, ser\u00e1 lan\u00e7ado em at\u00e9 30 dias. \u00c9 o que afirma o prefeito Jos\u00e9 Sarto. Ser\u00e3o oferecidas cerca de 120 vagas de n\u00edvel m\u00e9dio.<\/p>\n\n\n\n<p>Tamb\u00e9m est\u00e1 previsto para este ano o concurso do Instituto de Planejamento de Fortaleza (Iplanfor), que tem previs\u00e3o para 60 vagas e edital em processo de finaliza\u00e7\u00e3o. <\/p>\n\n\n\n<p>Jos\u00e9 Sarto fez um balan\u00e7o da convoca\u00e7\u00e3o de servidores p\u00fablicos chamados pela Prefeitura de Fortaleza atrav\u00e9s de concurso na sua gest\u00e3o. Segundo ele, 2.442 pessoas foram convocadas para as \u00e1reas de sa\u00fade, educa\u00e7\u00e3o, controladoria e or\u00e7amento e gest\u00e3o.<br><\/p>\n\n\n\n<figure class=\"wp-block-image size-full\"><img loading=\"lazy\" decoding=\"async\" width=\"984\" height=\"578\" src=\"https:\/\/blogdorogeriogomes.com.br\/wp-content\/uploads\/2023\/07\/img-1433.jpg\" alt=\"\" class=\"wp-image-29789\" srcset=\"https:\/\/blogdorogeriogomes.com.br\/noticias\/wp-content\/uploads\/2023\/07\/img-1433.jpg 984w, https:\/\/blogdorogeriogomes.com.br\/noticias\/wp-content\/uploads\/2023\/07\/img-1433-300x176.jpg 300w, https:\/\/blogdorogeriogomes.com.br\/noticias\/wp-content\/uploads\/2023\/07\/img-1433-768x451.jpg 768w, https:\/\/blogdorogeriogomes.com.br\/noticias\/wp-content\/uploads\/2023\/07\/img-1433-800x470.jpg 800w\" sizes=\"auto, (max-width: 984px) 100vw, 984px\" \/><\/figure>\n","protected":false},"excerpt":{"rendered":"<p>O edital do concurso para a Autarquia Municipal de Tr\u00e2nsito e Cidadania (AMC), em Fortaleza, ser\u00e1 lan\u00e7ado em at\u00e9 30 dias. \u00c9 o que afirma o prefeito Jos\u00e9 Sarto. Ser\u00e3o oferecidas cerca de 120 vagas de n\u00edvel m\u00e9dio. Tamb\u00e9m est\u00e1 previsto para este ano o concurso do Instituto de Planejamento de Fortaleza (Iplanfor), que tem previs\u00e3o para 60 vagas e edital em processo de finaliza\u00e7\u00e3o. Jos\u00e9 Sarto fez um balan\u00e7o da convoca\u00e7\u00e3o de servidores p\u00fablicos chamados pela Prefeitura de&hellip;<\/p>\n","protected":false},"author":1,"featured_media":0,"comment_status":"open","ping_status":"open","sticky":false,"template":"","format":"standard","meta":{"footnotes":""},"categories":[1],"tags":[],"class_list":["post-29788","post","type-post","status-publish","format-standard","hentry","category-noticias"],"_links":{"self":[{"href":"https:\/\/blogdorogeriogomes.com.br\/noticias\/wp-json\/wp\/v2\/posts\/29788","targetHints":{"allow":["GET"]}}],"collection":[{"href":"https:\/\/blogdorogeriogomes.com.br\/noticias\/wp-json\/wp\/v2\/posts"}],"about":[{"href":"https:\/\/blogdorogeriogomes.com.br\/noticias\/wp-json\/wp\/v2\/types\/post"}],"author":[{"embeddable":true,"href":"https:\/\/blogdorogeriogomes.com.br\/noticias\/wp-json\/wp\/v2\/users\/1"}],"replies":[{"embeddable":true,"href":"https:\/\/blogdorogeriogomes.com.br\/noticias\/wp-json\/wp\/v2\/comments?post=29788"}],"version-history":[{"count":1,"href":"https:\/\/blogdorogeriogomes.com.br\/noticias\/wp-json\/wp\/v2\/posts\/29788\/revisions"}],"predecessor-version":[{"id":29790,"href":"https:\/\/blogdorogeriogomes.com.br\/noticias\/wp-json\/wp\/v2\/posts\/29788\/revisions\/29790"}],"wp:attachment":[{"href":"https:\/\/blogdorogeriogomes.com.br\/noticias\/wp-json\/wp\/v2\/media?parent=29788"}],"wp:term":[{"taxonomy":"category","embeddable":true,"href":"https:\/\/blogdorogeriogomes.com.br\/noticias\/wp-json\/wp\/v2\/categories?post=29788"},{"taxonomy":"post_tag","embeddable":true,"href":"https:\/\/blogdorogeriogomes.com.br\/noticias\/wp-json\/wp\/v2\/tags?post=29788"}],"curies":[{"name":"wp","href":"https:\/\/api.w.org\/{rel}","templated":true}]}}