{"id":29791,"date":"2023-07-13T11:26:31","date_gmt":"2023-07-13T11:26:31","guid":{"rendered":"https:\/\/blogdorogeriogomes.com.br\/?p=29791"},"modified":"2023-07-13T11:26:32","modified_gmt":"2023-07-13T11:26:32","slug":"senador-cid-gomes-assume-o-pdt-estadual-e-fara-primeira-reuniao-da-executiva","status":"publish","type":"post","link":"https:\/\/blogdorogeriogomes.com.br\/noticias\/2023\/07\/senador-cid-gomes-assume-o-pdt-estadual-e-fara-primeira-reuniao-da-executiva\/","title":{"rendered":"Senador Cid Gomes assume o PDT estadual e far\u00e1 primeira reuni\u00e3o da Executiva"},"content":{"rendered":"\n<p>O presidente interino do PDT, Cid Gomes, assume oficialmente o comando do partido no Cear\u00e1 e far\u00e1 a primeira reuni\u00e3o da Executiva nesta quinta-feira, dia 13 de julho. O encontro est\u00e1 previsto para as 16 horas, na sede do PDT em Fortaleza. Essa ser\u00e1 a primeira reuni\u00e3o desde a recente queda de bra\u00e7o pela presid\u00eancia da legenda, entre Cid e o deputado federal Andr\u00e9 Figueiredo, que atualmente est\u00e1 \u00e0 frente da Executiva Nacional do PDT.<\/p>\n\n\n\n<p>A legenda vive um racha interno sobre a alian\u00e7a com o PT no Estado. Na Assembleia Legislativa, apenas tr\u00eas deputados do PDT t\u00eam atuado como oposi\u00e7\u00e3o ao Governo do Estado, ainda que o partido tenha a lideran\u00e7a do Governo Elmano e a presid\u00eancia da Casa.\u00a0<\/p>\n\n\n\n<p>Cid Gomes vai iniciar uma s\u00e9rie de reuni\u00f5es com prefeitos e parlamentares para tra\u00e7ar a estrat\u00e9gia do partido para as elei\u00e7\u00f5es municipais de 2024. A ideia \u00e9 aumentar o n\u00famero dos prefeitos. Hoje, o PDT comanda pelo menos 60 munic\u00edpios cearenses.<\/p>\n\n\n\n<figure class=\"wp-block-image size-large\"><img loading=\"lazy\" decoding=\"async\" width=\"1024\" height=\"577\" src=\"https:\/\/blogdorogeriogomes.com.br\/wp-content\/uploads\/2023\/07\/cid-pdt-1024x577.jpeg\" alt=\"\" class=\"wp-image-29792\" srcset=\"https:\/\/blogdorogeriogomes.com.br\/noticias\/wp-content\/uploads\/2023\/07\/cid-pdt-1024x577.jpeg 1024w, https:\/\/blogdorogeriogomes.com.br\/noticias\/wp-content\/uploads\/2023\/07\/cid-pdt-300x169.jpeg 300w, https:\/\/blogdorogeriogomes.com.br\/noticias\/wp-content\/uploads\/2023\/07\/cid-pdt-768x433.jpeg 768w, https:\/\/blogdorogeriogomes.com.br\/noticias\/wp-content\/uploads\/2023\/07\/cid-pdt-800x451.jpeg 800w, https:\/\/blogdorogeriogomes.com.br\/noticias\/wp-content\/uploads\/2023\/07\/cid-pdt.jpeg 1278w\" sizes=\"auto, (max-width: 1024px) 100vw, 1024px\" \/><\/figure>\n","protected":false},"excerpt":{"rendered":"<p>O presidente interino do PDT, Cid Gomes, assume oficialmente o comando do partido no Cear\u00e1 e far\u00e1 a primeira reuni\u00e3o da Executiva nesta quinta-feira, dia 13 de julho. O encontro est\u00e1 previsto para as 16 horas, na sede do PDT em Fortaleza. Essa ser\u00e1 a primeira reuni\u00e3o desde a recente queda de bra\u00e7o pela presid\u00eancia da legenda, entre Cid e o deputado federal Andr\u00e9 Figueiredo, que atualmente est\u00e1 \u00e0 frente da Executiva Nacional do PDT. A legenda vive um&hellip;<\/p>\n","protected":false},"author":1,"featured_media":0,"comment_status":"open","ping_status":"open","sticky":false,"template":"","format":"standard","meta":{"footnotes":""},"categories":[1],"tags":[],"class_list":["post-29791","post","type-post","status-publish","format-standard","hentry","category-noticias"],"_links":{"self":[{"href":"https:\/\/blogdorogeriogomes.com.br\/noticias\/wp-json\/wp\/v2\/posts\/29791","targetHints":{"allow":["GET"]}}],"collection":[{"href":"https:\/\/blogdorogeriogomes.com.br\/noticias\/wp-json\/wp\/v2\/posts"}],"about":[{"href":"https:\/\/blogdorogeriogomes.com.br\/noticias\/wp-json\/wp\/v2\/types\/post"}],"author":[{"embeddable":true,"href":"https:\/\/blogdorogeriogomes.com.br\/noticias\/wp-json\/wp\/v2\/users\/1"}],"replies":[{"embeddable":true,"href":"https:\/\/blogdorogeriogomes.com.br\/noticias\/wp-json\/wp\/v2\/comments?post=29791"}],"version-history":[{"count":1,"href":"https:\/\/blogdorogeriogomes.com.br\/noticias\/wp-json\/wp\/v2\/posts\/29791\/revisions"}],"predecessor-version":[{"id":29793,"href":"https:\/\/blogdorogeriogomes.com.br\/noticias\/wp-json\/wp\/v2\/posts\/29791\/revisions\/29793"}],"wp:attachment":[{"href":"https:\/\/blogdorogeriogomes.com.br\/noticias\/wp-json\/wp\/v2\/media?parent=29791"}],"wp:term":[{"taxonomy":"category","embeddable":true,"href":"https:\/\/blogdorogeriogomes.com.br\/noticias\/wp-json\/wp\/v2\/categories?post=29791"},{"taxonomy":"post_tag","embeddable":true,"href":"https:\/\/blogdorogeriogomes.com.br\/noticias\/wp-json\/wp\/v2\/tags?post=29791"}],"curies":[{"name":"wp","href":"https:\/\/api.w.org\/{rel}","templated":true}]}}