{"id":29794,"date":"2023-07-13T14:01:38","date_gmt":"2023-07-13T14:01:38","guid":{"rendered":"https:\/\/blogdorogeriogomes.com.br\/?p=29794"},"modified":"2023-07-13T14:01:39","modified_gmt":"2023-07-13T14:01:39","slug":"nova-diretoria-do-simec-foi-empossada-em-solenidade-na-fiec","status":"publish","type":"post","link":"https:\/\/blogdorogeriogomes.com.br\/noticias\/2023\/07\/nova-diretoria-do-simec-foi-empossada-em-solenidade-na-fiec\/","title":{"rendered":"Nova diretoria do Simec foi empossada em solenidade na Fiec"},"content":{"rendered":"\n<p>O Sindicato das Ind\u00fastrias Metal\u00fargicas, Mec\u00e2nica e de Material El\u00e9trico do Cear\u00e1 empossou sua nova diretoria em solenidade na Fiec, na noite de quarta-feira, dia 12 de julho.<\/p>\n\n\n\n<p>O industrial C\u00e9sar Oliveira Barros J\u00fanior foi empossado no comando do Simec pelos pr\u00f3ximos quatro anos. Ele substitui o ex-presidente Sampaio Filho. Segundo o novo presidente, a meta \u00e9 trabalhar pela interioriza\u00e7\u00e3o das a\u00e7\u00f5es do Sindicato das Ind\u00fastrias Metal\u00fargicas, Mec\u00e2nica e de Material El\u00e9trico no Cear\u00e1.<\/p>\n\n\n\n<p>A solenidade de posse da nova diretoria aconteceu no audit\u00f3rio da Federa\u00e7\u00e3o das Ind\u00fastrias do Cear\u00e1. O presidente da Fiec, Ricardo Cavalcante, destacou a import\u00e2ncia do Simec para o crescimento e fortalecimento da ind\u00fastria no Estado.<\/p>\n\n\n\n<figure class=\"wp-block-image size-large\"><img loading=\"lazy\" decoding=\"async\" width=\"1024\" height=\"740\" src=\"https:\/\/blogdorogeriogomes.com.br\/wp-content\/uploads\/2023\/07\/20230712_201523-2-1024x740.jpg\" alt=\"\" class=\"wp-image-29797\" srcset=\"https:\/\/blogdorogeriogomes.com.br\/noticias\/wp-content\/uploads\/2023\/07\/20230712_201523-2-1024x740.jpg 1024w, https:\/\/blogdorogeriogomes.com.br\/noticias\/wp-content\/uploads\/2023\/07\/20230712_201523-2-300x217.jpg 300w, https:\/\/blogdorogeriogomes.com.br\/noticias\/wp-content\/uploads\/2023\/07\/20230712_201523-2-768x555.jpg 768w, https:\/\/blogdorogeriogomes.com.br\/noticias\/wp-content\/uploads\/2023\/07\/20230712_201523-2-1536x1111.jpg 1536w, https:\/\/blogdorogeriogomes.com.br\/noticias\/wp-content\/uploads\/2023\/07\/20230712_201523-2-2048x1481.jpg 2048w, https:\/\/blogdorogeriogomes.com.br\/noticias\/wp-content\/uploads\/2023\/07\/20230712_201523-2-800x578.jpg 800w\" sizes=\"auto, (max-width: 1024px) 100vw, 1024px\" \/><\/figure>\n\n\n\n<p><\/p>\n","protected":false},"excerpt":{"rendered":"<p>O Sindicato das Ind\u00fastrias Metal\u00fargicas, Mec\u00e2nica e de Material El\u00e9trico do Cear\u00e1 empossou sua nova diretoria em solenidade na Fiec, na noite de quarta-feira, dia 12 de julho. O industrial C\u00e9sar Oliveira Barros J\u00fanior foi empossado no comando do Simec pelos pr\u00f3ximos quatro anos. Ele substitui o ex-presidente Sampaio Filho. Segundo o novo presidente, a meta \u00e9 trabalhar pela interioriza\u00e7\u00e3o das a\u00e7\u00f5es do Sindicato das Ind\u00fastrias Metal\u00fargicas, Mec\u00e2nica e de Material El\u00e9trico no Cear\u00e1. A solenidade de posse da&hellip;<\/p>\n","protected":false},"author":1,"featured_media":0,"comment_status":"open","ping_status":"open","sticky":false,"template":"","format":"standard","meta":{"footnotes":""},"categories":[1],"tags":[],"class_list":["post-29794","post","type-post","status-publish","format-standard","hentry","category-noticias"],"_links":{"self":[{"href":"https:\/\/blogdorogeriogomes.com.br\/noticias\/wp-json\/wp\/v2\/posts\/29794","targetHints":{"allow":["GET"]}}],"collection":[{"href":"https:\/\/blogdorogeriogomes.com.br\/noticias\/wp-json\/wp\/v2\/posts"}],"about":[{"href":"https:\/\/blogdorogeriogomes.com.br\/noticias\/wp-json\/wp\/v2\/types\/post"}],"author":[{"embeddable":true,"href":"https:\/\/blogdorogeriogomes.com.br\/noticias\/wp-json\/wp\/v2\/users\/1"}],"replies":[{"embeddable":true,"href":"https:\/\/blogdorogeriogomes.com.br\/noticias\/wp-json\/wp\/v2\/comments?post=29794"}],"version-history":[{"count":1,"href":"https:\/\/blogdorogeriogomes.com.br\/noticias\/wp-json\/wp\/v2\/posts\/29794\/revisions"}],"predecessor-version":[{"id":29798,"href":"https:\/\/blogdorogeriogomes.com.br\/noticias\/wp-json\/wp\/v2\/posts\/29794\/revisions\/29798"}],"wp:attachment":[{"href":"https:\/\/blogdorogeriogomes.com.br\/noticias\/wp-json\/wp\/v2\/media?parent=29794"}],"wp:term":[{"taxonomy":"category","embeddable":true,"href":"https:\/\/blogdorogeriogomes.com.br\/noticias\/wp-json\/wp\/v2\/categories?post=29794"},{"taxonomy":"post_tag","embeddable":true,"href":"https:\/\/blogdorogeriogomes.com.br\/noticias\/wp-json\/wp\/v2\/tags?post=29794"}],"curies":[{"name":"wp","href":"https:\/\/api.w.org\/{rel}","templated":true}]}}