{"id":29799,"date":"2023-07-13T20:59:11","date_gmt":"2023-07-13T20:59:11","guid":{"rendered":"https:\/\/blogdorogeriogomes.com.br\/?p=29799"},"modified":"2023-07-13T20:59:12","modified_gmt":"2023-07-13T20:59:12","slug":"ceara-volta-a-receber-agua-do-rio-sao-francisco-apos-acionamento-de-novo-sistema-de-bombeamento-em-pernambuco","status":"publish","type":"post","link":"https:\/\/blogdorogeriogomes.com.br\/noticias\/2023\/07\/ceara-volta-a-receber-agua-do-rio-sao-francisco-apos-acionamento-de-novo-sistema-de-bombeamento-em-pernambuco\/","title":{"rendered":"Cear\u00e1 volta a receber \u00e1gua do Rio S\u00e3o Francisco ap\u00f3s acionamento de novo sistema de bombeamento em Pernambuco"},"content":{"rendered":"\n<p>A vice-governadora do Cear\u00e1, Jade Romero, participou de visita, nesta quinta-feira, dia 13 de julho, ao N\u00facleo de Controle Operacional da Integra\u00e7\u00e3o do S\u00e3o Francisco, em Salgueiro (PE). Na ocasi\u00e3o, foi realizada a libera\u00e7\u00e3o de \u00e1gua da estrutura, proveniente do Rio S\u00e3o Francisco, at\u00e9 a Barragem de Jati (CE) e, posteriormente, ao Cintur\u00e3o de \u00c1guas do Cear\u00e1 (CAC). Tamb\u00e9m participaram da cerim\u00f4nia o ministro da Integra\u00e7\u00e3o e do Desenvolvimento Regional, Waldez G\u00f3es; o ministro da Secretaria de Comunica\u00e7\u00e3o Social, Paulo Pimenta; a vice-governadora de Pernambuco, Priscila Krause; e o secret\u00e1rio dos Recursos H\u00eddricos do Cear\u00e1, Rob\u00e9rio Monteiro.<\/p>\n\n\n\n<p>Respons\u00e1vel por abastecer os estados do Cear\u00e1, Para\u00edba e Rio Grande do Norte com as \u00e1guas do S\u00e3o Francisco, o N\u00facleo de Controle volta a bombear \u00e1gua para os cearenses ap\u00f3s paralisa\u00e7\u00e3o em novembro de 2022, por conta de servi\u00e7os de manuten\u00e7\u00e3o no conjunto de bombas da Esta\u00e7\u00e3o de Bombeamento EBI-3. A barragem de Jati possui estrutura com capacidade de acumular at\u00e9 28 milh\u00f5es de metros c\u00fabicos de \u00e1gua.<\/p>\n\n\n\n<figure class=\"wp-block-image size-large\"><img loading=\"lazy\" decoding=\"async\" width=\"1024\" height=\"768\" src=\"https:\/\/blogdorogeriogomes.com.br\/wp-content\/uploads\/2023\/07\/230713_ACIONAMENTO-EB3-SALGUEIRO_HB0010-1-1200x900-1-1024x768.jpg\" alt=\"\" class=\"wp-image-29800\" srcset=\"https:\/\/blogdorogeriogomes.com.br\/noticias\/wp-content\/uploads\/2023\/07\/230713_ACIONAMENTO-EB3-SALGUEIRO_HB0010-1-1200x900-1-1024x768.jpg 1024w, https:\/\/blogdorogeriogomes.com.br\/noticias\/wp-content\/uploads\/2023\/07\/230713_ACIONAMENTO-EB3-SALGUEIRO_HB0010-1-1200x900-1-300x225.jpg 300w, https:\/\/blogdorogeriogomes.com.br\/noticias\/wp-content\/uploads\/2023\/07\/230713_ACIONAMENTO-EB3-SALGUEIRO_HB0010-1-1200x900-1-768x576.jpg 768w, https:\/\/blogdorogeriogomes.com.br\/noticias\/wp-content\/uploads\/2023\/07\/230713_ACIONAMENTO-EB3-SALGUEIRO_HB0010-1-1200x900-1-800x600.jpg 800w, https:\/\/blogdorogeriogomes.com.br\/noticias\/wp-content\/uploads\/2023\/07\/230713_ACIONAMENTO-EB3-SALGUEIRO_HB0010-1-1200x900-1-400x300.jpg 400w, https:\/\/blogdorogeriogomes.com.br\/noticias\/wp-content\/uploads\/2023\/07\/230713_ACIONAMENTO-EB3-SALGUEIRO_HB0010-1-1200x900-1.jpg 1200w\" sizes=\"auto, (max-width: 1024px) 100vw, 1024px\" \/><\/figure>\n","protected":false},"excerpt":{"rendered":"<p>A vice-governadora do Cear\u00e1, Jade Romero, participou de visita, nesta quinta-feira, dia 13 de julho, ao N\u00facleo de Controle Operacional da Integra\u00e7\u00e3o do S\u00e3o Francisco, em Salgueiro (PE). Na ocasi\u00e3o, foi realizada a libera\u00e7\u00e3o de \u00e1gua da estrutura, proveniente do Rio S\u00e3o Francisco, at\u00e9 a Barragem de Jati (CE) e, posteriormente, ao Cintur\u00e3o de \u00c1guas do Cear\u00e1 (CAC). Tamb\u00e9m participaram da cerim\u00f4nia o ministro da Integra\u00e7\u00e3o e do Desenvolvimento Regional, Waldez G\u00f3es; o ministro da Secretaria de Comunica\u00e7\u00e3o Social,&hellip;<\/p>\n","protected":false},"author":1,"featured_media":0,"comment_status":"open","ping_status":"open","sticky":false,"template":"","format":"standard","meta":{"footnotes":""},"categories":[1],"tags":[],"class_list":["post-29799","post","type-post","status-publish","format-standard","hentry","category-noticias"],"_links":{"self":[{"href":"https:\/\/blogdorogeriogomes.com.br\/noticias\/wp-json\/wp\/v2\/posts\/29799","targetHints":{"allow":["GET"]}}],"collection":[{"href":"https:\/\/blogdorogeriogomes.com.br\/noticias\/wp-json\/wp\/v2\/posts"}],"about":[{"href":"https:\/\/blogdorogeriogomes.com.br\/noticias\/wp-json\/wp\/v2\/types\/post"}],"author":[{"embeddable":true,"href":"https:\/\/blogdorogeriogomes.com.br\/noticias\/wp-json\/wp\/v2\/users\/1"}],"replies":[{"embeddable":true,"href":"https:\/\/blogdorogeriogomes.com.br\/noticias\/wp-json\/wp\/v2\/comments?post=29799"}],"version-history":[{"count":1,"href":"https:\/\/blogdorogeriogomes.com.br\/noticias\/wp-json\/wp\/v2\/posts\/29799\/revisions"}],"predecessor-version":[{"id":29801,"href":"https:\/\/blogdorogeriogomes.com.br\/noticias\/wp-json\/wp\/v2\/posts\/29799\/revisions\/29801"}],"wp:attachment":[{"href":"https:\/\/blogdorogeriogomes.com.br\/noticias\/wp-json\/wp\/v2\/media?parent=29799"}],"wp:term":[{"taxonomy":"category","embeddable":true,"href":"https:\/\/blogdorogeriogomes.com.br\/noticias\/wp-json\/wp\/v2\/categories?post=29799"},{"taxonomy":"post_tag","embeddable":true,"href":"https:\/\/blogdorogeriogomes.com.br\/noticias\/wp-json\/wp\/v2\/tags?post=29799"}],"curies":[{"name":"wp","href":"https:\/\/api.w.org\/{rel}","templated":true}]}}