{"id":29802,"date":"2023-07-13T21:13:54","date_gmt":"2023-07-13T21:13:54","guid":{"rendered":"https:\/\/blogdorogeriogomes.com.br\/?p=29802"},"modified":"2023-07-13T21:13:55","modified_gmt":"2023-07-13T21:13:55","slug":"lula-confirma-celso-sabino-para-ministerio-do-turismo-no-lugar-de-daniela-carneiro","status":"publish","type":"post","link":"https:\/\/blogdorogeriogomes.com.br\/noticias\/2023\/07\/lula-confirma-celso-sabino-para-ministerio-do-turismo-no-lugar-de-daniela-carneiro\/","title":{"rendered":"Lula confirma Celso Sabino para Minist\u00e9rio do Turismo no lugar de Daniela Carneiro"},"content":{"rendered":"\n<p>Ap\u00f3s mais de um m\u00eas de reuni\u00f5es e negocia\u00e7\u00f5es, o presidente\u00a0Lula (PT) convidou o deputado federal Celso Sabino (Uni\u00e3o-PA) para assumir o Minist\u00e9rio do Turismo. Segundo nota oficial, a nomea\u00e7\u00e3o sai nos pr\u00f3ximos dias no Di\u00e1rio Oficial. Sabino foi indicado pelo Uni\u00e3o Brasil. Daniela Carneiro \u00e9 a segunda ministra a deixar o governo Lula em pouco mais de seis meses.<\/p>\n\n\n\n<p>A nomea\u00e7\u00e3o de Celso Sabino \u00e9 aguardada desde o m\u00eas passado, quando o Uni\u00e3o Brasil aumentou a press\u00e3o pela troca. Daniela tamb\u00e9m \u00e9 do Uni\u00e3o Brasil, mas deve migrar para o Republicanos. A mudan\u00e7a depende do resultado de uma consulta feita pela deputada ao TSE, na qual pede a desfilia\u00e7\u00e3o da atual sigla sem perder o mandato.<\/p>\n\n\n\n<figure class=\"wp-block-image size-full\"><img loading=\"lazy\" decoding=\"async\" width=\"984\" height=\"656\" src=\"https:\/\/blogdorogeriogomes.com.br\/wp-content\/uploads\/2023\/07\/celsosabino.jpg\" alt=\"\" class=\"wp-image-29803\" srcset=\"https:\/\/blogdorogeriogomes.com.br\/noticias\/wp-content\/uploads\/2023\/07\/celsosabino.jpg 984w, https:\/\/blogdorogeriogomes.com.br\/noticias\/wp-content\/uploads\/2023\/07\/celsosabino-300x200.jpg 300w, https:\/\/blogdorogeriogomes.com.br\/noticias\/wp-content\/uploads\/2023\/07\/celsosabino-768x512.jpg 768w, https:\/\/blogdorogeriogomes.com.br\/noticias\/wp-content\/uploads\/2023\/07\/celsosabino-800x533.jpg 800w\" sizes=\"auto, (max-width: 984px) 100vw, 984px\" \/><\/figure>\n\n\n\n<p>\u00a0<\/p>\n\n\n\n<p><\/p>\n","protected":false},"excerpt":{"rendered":"<p>Ap\u00f3s mais de um m\u00eas de reuni\u00f5es e negocia\u00e7\u00f5es, o presidente\u00a0Lula (PT) convidou o deputado federal Celso Sabino (Uni\u00e3o-PA) para assumir o Minist\u00e9rio do Turismo. Segundo nota oficial, a nomea\u00e7\u00e3o sai nos pr\u00f3ximos dias no Di\u00e1rio Oficial. Sabino foi indicado pelo Uni\u00e3o Brasil. Daniela Carneiro \u00e9 a segunda ministra a deixar o governo Lula em pouco mais de seis meses. A nomea\u00e7\u00e3o de Celso Sabino \u00e9 aguardada desde o m\u00eas passado, quando o Uni\u00e3o Brasil aumentou a press\u00e3o pela&hellip;<\/p>\n","protected":false},"author":1,"featured_media":0,"comment_status":"open","ping_status":"open","sticky":false,"template":"","format":"standard","meta":{"footnotes":""},"categories":[1],"tags":[],"class_list":["post-29802","post","type-post","status-publish","format-standard","hentry","category-noticias"],"_links":{"self":[{"href":"https:\/\/blogdorogeriogomes.com.br\/noticias\/wp-json\/wp\/v2\/posts\/29802","targetHints":{"allow":["GET"]}}],"collection":[{"href":"https:\/\/blogdorogeriogomes.com.br\/noticias\/wp-json\/wp\/v2\/posts"}],"about":[{"href":"https:\/\/blogdorogeriogomes.com.br\/noticias\/wp-json\/wp\/v2\/types\/post"}],"author":[{"embeddable":true,"href":"https:\/\/blogdorogeriogomes.com.br\/noticias\/wp-json\/wp\/v2\/users\/1"}],"replies":[{"embeddable":true,"href":"https:\/\/blogdorogeriogomes.com.br\/noticias\/wp-json\/wp\/v2\/comments?post=29802"}],"version-history":[{"count":1,"href":"https:\/\/blogdorogeriogomes.com.br\/noticias\/wp-json\/wp\/v2\/posts\/29802\/revisions"}],"predecessor-version":[{"id":29804,"href":"https:\/\/blogdorogeriogomes.com.br\/noticias\/wp-json\/wp\/v2\/posts\/29802\/revisions\/29804"}],"wp:attachment":[{"href":"https:\/\/blogdorogeriogomes.com.br\/noticias\/wp-json\/wp\/v2\/media?parent=29802"}],"wp:term":[{"taxonomy":"category","embeddable":true,"href":"https:\/\/blogdorogeriogomes.com.br\/noticias\/wp-json\/wp\/v2\/categories?post=29802"},{"taxonomy":"post_tag","embeddable":true,"href":"https:\/\/blogdorogeriogomes.com.br\/noticias\/wp-json\/wp\/v2\/tags?post=29802"}],"curies":[{"name":"wp","href":"https:\/\/api.w.org\/{rel}","templated":true}]}}