{"id":29805,"date":"2023-07-14T09:23:19","date_gmt":"2023-07-14T09:23:19","guid":{"rendered":"https:\/\/blogdorogeriogomes.com.br\/?p=29805"},"modified":"2023-07-14T09:23:20","modified_gmt":"2023-07-14T09:23:20","slug":"cid-gomes-diz-lutar-para-juntar-pdt-e-pt-em-fortaleza-enquanto-andre-figueiredo-ainda-defende-reeleicao-de-jose-sarto","status":"publish","type":"post","link":"https:\/\/blogdorogeriogomes.com.br\/noticias\/2023\/07\/cid-gomes-diz-lutar-para-juntar-pdt-e-pt-em-fortaleza-enquanto-andre-figueiredo-ainda-defende-reeleicao-de-jose-sarto\/","title":{"rendered":"Cid Gomes diz lutar para juntar PDT e PT em Fortaleza, enquanto Andr\u00e9 Figueiredo ainda defende reelei\u00e7\u00e3o de Jos\u00e9 Sarto"},"content":{"rendered":"\n<p>O senador Cid Gomes assumiu efetivamente o comando estadual do PDT por quatro meses. E o seu discurso na posse foi bastante claro. Quer formar um arco de alian\u00e7as forte nos principais munic\u00edpios cearenses para a elei\u00e7\u00e3o de 2024 que escolher\u00e1 novos prefeitos e vereadores.<\/p>\n\n\n\n<p>Em rela\u00e7\u00e3o a Fortaleza, Cid Gomes considera ser a tarefa mais dif\u00edcil. \u201cN\u00e3o perco as esperan\u00e7as de poder ter uma candidatura que coloque como aliados PT e PDT em Fortaleza, vou trabalhar nesta meta, respeitando as diferen\u00e7as e opini\u00f5es, compreendendo que h\u00e1 disputas, mas esse ser\u00e1 o supra sumo da minha responsabilidade (&#8230;) e eu n\u00e3o desisto f\u00e1cil n\u00e3o\u201d, declarou o senador pedetista.<\/p>\n\n\n\n<p>Por outro lado, o deputado federal Andr\u00e9 Figueiredo, que continua respondendo pelo PDT nacional defende o projeto de reelei\u00e7\u00e3o do atual prefeito Jos\u00e9 Sarto. &#8220;O Sarto s\u00f3 n\u00e3o ser\u00e1 candidato se ele n\u00e3o quiser. N\u00e3o podemos ficar perdendo tempo com outras alternativas\u201d, afirmou Figueiredo.<\/p>\n\n\n\n<figure class=\"wp-block-image size-large\"><img loading=\"lazy\" decoding=\"async\" width=\"1024\" height=\"768\" src=\"https:\/\/blogdorogeriogomes.com.br\/wp-content\/uploads\/2023\/07\/foto_cid_gomes_230713_pdt_do_ceara-22630512-1024x768.webp\" alt=\"\" class=\"wp-image-29806\" srcset=\"https:\/\/blogdorogeriogomes.com.br\/noticias\/wp-content\/uploads\/2023\/07\/foto_cid_gomes_230713_pdt_do_ceara-22630512-1024x768.webp 1024w, https:\/\/blogdorogeriogomes.com.br\/noticias\/wp-content\/uploads\/2023\/07\/foto_cid_gomes_230713_pdt_do_ceara-22630512-300x225.webp 300w, https:\/\/blogdorogeriogomes.com.br\/noticias\/wp-content\/uploads\/2023\/07\/foto_cid_gomes_230713_pdt_do_ceara-22630512-768x576.webp 768w, https:\/\/blogdorogeriogomes.com.br\/noticias\/wp-content\/uploads\/2023\/07\/foto_cid_gomes_230713_pdt_do_ceara-22630512-1536x1152.webp 1536w, https:\/\/blogdorogeriogomes.com.br\/noticias\/wp-content\/uploads\/2023\/07\/foto_cid_gomes_230713_pdt_do_ceara-22630512-800x600.webp 800w, https:\/\/blogdorogeriogomes.com.br\/noticias\/wp-content\/uploads\/2023\/07\/foto_cid_gomes_230713_pdt_do_ceara-22630512-400x300.webp 400w, https:\/\/blogdorogeriogomes.com.br\/noticias\/wp-content\/uploads\/2023\/07\/foto_cid_gomes_230713_pdt_do_ceara-22630512.webp 1920w\" sizes=\"auto, (max-width: 1024px) 100vw, 1024px\" \/><\/figure>\n","protected":false},"excerpt":{"rendered":"<p>O senador Cid Gomes assumiu efetivamente o comando estadual do PDT por quatro meses. E o seu discurso na posse foi bastante claro. Quer formar um arco de alian\u00e7as forte nos principais munic\u00edpios cearenses para a elei\u00e7\u00e3o de 2024 que escolher\u00e1 novos prefeitos e vereadores. Em rela\u00e7\u00e3o a Fortaleza, Cid Gomes considera ser a tarefa mais dif\u00edcil. \u201cN\u00e3o perco as esperan\u00e7as de poder ter uma candidatura que coloque como aliados PT e PDT em Fortaleza, vou trabalhar nesta meta,&hellip;<\/p>\n","protected":false},"author":1,"featured_media":0,"comment_status":"open","ping_status":"open","sticky":false,"template":"","format":"standard","meta":{"footnotes":""},"categories":[1],"tags":[],"class_list":["post-29805","post","type-post","status-publish","format-standard","hentry","category-noticias"],"_links":{"self":[{"href":"https:\/\/blogdorogeriogomes.com.br\/noticias\/wp-json\/wp\/v2\/posts\/29805","targetHints":{"allow":["GET"]}}],"collection":[{"href":"https:\/\/blogdorogeriogomes.com.br\/noticias\/wp-json\/wp\/v2\/posts"}],"about":[{"href":"https:\/\/blogdorogeriogomes.com.br\/noticias\/wp-json\/wp\/v2\/types\/post"}],"author":[{"embeddable":true,"href":"https:\/\/blogdorogeriogomes.com.br\/noticias\/wp-json\/wp\/v2\/users\/1"}],"replies":[{"embeddable":true,"href":"https:\/\/blogdorogeriogomes.com.br\/noticias\/wp-json\/wp\/v2\/comments?post=29805"}],"version-history":[{"count":1,"href":"https:\/\/blogdorogeriogomes.com.br\/noticias\/wp-json\/wp\/v2\/posts\/29805\/revisions"}],"predecessor-version":[{"id":29807,"href":"https:\/\/blogdorogeriogomes.com.br\/noticias\/wp-json\/wp\/v2\/posts\/29805\/revisions\/29807"}],"wp:attachment":[{"href":"https:\/\/blogdorogeriogomes.com.br\/noticias\/wp-json\/wp\/v2\/media?parent=29805"}],"wp:term":[{"taxonomy":"category","embeddable":true,"href":"https:\/\/blogdorogeriogomes.com.br\/noticias\/wp-json\/wp\/v2\/categories?post=29805"},{"taxonomy":"post_tag","embeddable":true,"href":"https:\/\/blogdorogeriogomes.com.br\/noticias\/wp-json\/wp\/v2\/tags?post=29805"}],"curies":[{"name":"wp","href":"https:\/\/api.w.org\/{rel}","templated":true}]}}