{"id":29808,"date":"2023-07-14T09:44:32","date_gmt":"2023-07-14T09:44:32","guid":{"rendered":"https:\/\/blogdorogeriogomes.com.br\/?p=29808"},"modified":"2023-07-14T09:44:32","modified_gmt":"2023-07-14T09:44:32","slug":"oposicao-pede-vista-em-votacoes-e-adia-inicio-do-recesso-na-assembleia-legislativa","status":"publish","type":"post","link":"https:\/\/blogdorogeriogomes.com.br\/noticias\/2023\/07\/oposicao-pede-vista-em-votacoes-e-adia-inicio-do-recesso-na-assembleia-legislativa\/","title":{"rendered":"Oposi\u00e7\u00e3o pede vista em vota\u00e7\u00f5es e adia in\u00edcio do recesso na Assembleia Legislativa"},"content":{"rendered":"\n<p>Deputados estaduais de oposi\u00e7\u00e3o conseguiram adiar o in\u00edcio do recesso parlamentar na Assembleia Legislativa, que deveria ser iniciado nesta sexta-feira, dia 14 de julho. Com v\u00e1rias mat\u00e9rias para votar, os oposicionistas pediram vista em alguns projetos e \u00e9 poss\u00edvel que ainda ocorram vota\u00e7\u00f5es hoje e na segunda-feira, dia 17.<\/p>\n\n\n\n<p>Ainda na quinta-feira, dia 14, o presidente da Assembleia Legislativa, Evandro Leit\u00e3o, fez um balan\u00e7o das atividades da Casa nos primeiros seis meses de 2023. Segundo ele, a Casa tem ido al\u00e9m das miss\u00f5es de legislar e fiscalizar atos p\u00fablicos, oferecendo a servidores, colaboradores e \u00e0 popula\u00e7\u00e3o servi\u00e7os de sa\u00fade, assist\u00eancia social, capacita\u00e7\u00e3o, assessoria jur\u00eddica e outros. \u201cIsso \u00e9 exercer cidadania e estimular a dignidade humana. A grande maioria da popula\u00e7\u00e3o n\u00e3o tem condi\u00e7\u00f5es e precisa do bra\u00e7o do Estado, atrav\u00e9s do Poder Legislativo, para recepcionar essas demandas\u201d, destacou.<\/p>\n\n\n\n<p>Somente no primeiro semestre deste ano, a Assembleia Legislativa realizou 196 sess\u00f5es plen\u00e1rias, aprovando 181 projetos e 8.273 requerimentos.<\/p>\n\n\n\n<figure class=\"wp-block-image size-large\"><img loading=\"lazy\" decoding=\"async\" width=\"1024\" height=\"683\" src=\"https:\/\/blogdorogeriogomes.com.br\/wp-content\/uploads\/2023\/07\/Deputados-comissao-1200x800-jpg-1024x683.webp\" alt=\"\" class=\"wp-image-29809\" srcset=\"https:\/\/blogdorogeriogomes.com.br\/noticias\/wp-content\/uploads\/2023\/07\/Deputados-comissao-1200x800-jpg-1024x683.webp 1024w, https:\/\/blogdorogeriogomes.com.br\/noticias\/wp-content\/uploads\/2023\/07\/Deputados-comissao-1200x800-jpg-300x200.webp 300w, https:\/\/blogdorogeriogomes.com.br\/noticias\/wp-content\/uploads\/2023\/07\/Deputados-comissao-1200x800-jpg-768x512.webp 768w, https:\/\/blogdorogeriogomes.com.br\/noticias\/wp-content\/uploads\/2023\/07\/Deputados-comissao-1200x800-jpg-800x533.webp 800w, https:\/\/blogdorogeriogomes.com.br\/noticias\/wp-content\/uploads\/2023\/07\/Deputados-comissao-1200x800-jpg.webp 1200w\" sizes=\"auto, (max-width: 1024px) 100vw, 1024px\" \/><\/figure>\n","protected":false},"excerpt":{"rendered":"<p>Deputados estaduais de oposi\u00e7\u00e3o conseguiram adiar o in\u00edcio do recesso parlamentar na Assembleia Legislativa, que deveria ser iniciado nesta sexta-feira, dia 14 de julho. Com v\u00e1rias mat\u00e9rias para votar, os oposicionistas pediram vista em alguns projetos e \u00e9 poss\u00edvel que ainda ocorram vota\u00e7\u00f5es hoje e na segunda-feira, dia 17. Ainda na quinta-feira, dia 14, o presidente da Assembleia Legislativa, Evandro Leit\u00e3o, fez um balan\u00e7o das atividades da Casa nos primeiros seis meses de 2023. Segundo ele, a Casa tem&hellip;<\/p>\n","protected":false},"author":1,"featured_media":0,"comment_status":"open","ping_status":"open","sticky":false,"template":"","format":"standard","meta":{"footnotes":""},"categories":[1],"tags":[],"class_list":["post-29808","post","type-post","status-publish","format-standard","hentry","category-noticias"],"_links":{"self":[{"href":"https:\/\/blogdorogeriogomes.com.br\/noticias\/wp-json\/wp\/v2\/posts\/29808","targetHints":{"allow":["GET"]}}],"collection":[{"href":"https:\/\/blogdorogeriogomes.com.br\/noticias\/wp-json\/wp\/v2\/posts"}],"about":[{"href":"https:\/\/blogdorogeriogomes.com.br\/noticias\/wp-json\/wp\/v2\/types\/post"}],"author":[{"embeddable":true,"href":"https:\/\/blogdorogeriogomes.com.br\/noticias\/wp-json\/wp\/v2\/users\/1"}],"replies":[{"embeddable":true,"href":"https:\/\/blogdorogeriogomes.com.br\/noticias\/wp-json\/wp\/v2\/comments?post=29808"}],"version-history":[{"count":1,"href":"https:\/\/blogdorogeriogomes.com.br\/noticias\/wp-json\/wp\/v2\/posts\/29808\/revisions"}],"predecessor-version":[{"id":29810,"href":"https:\/\/blogdorogeriogomes.com.br\/noticias\/wp-json\/wp\/v2\/posts\/29808\/revisions\/29810"}],"wp:attachment":[{"href":"https:\/\/blogdorogeriogomes.com.br\/noticias\/wp-json\/wp\/v2\/media?parent=29808"}],"wp:term":[{"taxonomy":"category","embeddable":true,"href":"https:\/\/blogdorogeriogomes.com.br\/noticias\/wp-json\/wp\/v2\/categories?post=29808"},{"taxonomy":"post_tag","embeddable":true,"href":"https:\/\/blogdorogeriogomes.com.br\/noticias\/wp-json\/wp\/v2\/tags?post=29808"}],"curies":[{"name":"wp","href":"https:\/\/api.w.org\/{rel}","templated":true}]}}