{"id":29811,"date":"2023-07-14T21:05:31","date_gmt":"2023-07-14T21:05:31","guid":{"rendered":"https:\/\/blogdorogeriogomes.com.br\/?p=29811"},"modified":"2023-07-14T21:05:32","modified_gmt":"2023-07-14T21:05:32","slug":"governo-do-ceara-anuncia-pagamento-da-segunda-parcela-dos-precatorios-do-fundef-para-1o-de-agosto","status":"publish","type":"post","link":"https:\/\/blogdorogeriogomes.com.br\/noticias\/2023\/07\/governo-do-ceara-anuncia-pagamento-da-segunda-parcela-dos-precatorios-do-fundef-para-1o-de-agosto\/","title":{"rendered":"Governo do Cear\u00e1 anuncia pagamento da segunda parcela dos precat\u00f3rios do Fundef para 1\u00ba de agosto"},"content":{"rendered":"\n<p>O governador Elmano de Freitas anunciou que o pagamento da segunda parcela dos precat\u00f3rios do Fundef ser\u00e1 realizado no dia 1\u00ba de agosto. S\u00e3o R$ 583 milh\u00f5es destinados para um total de 50.248 benefici\u00e1rios, que estiveram ativos na rede p\u00fablica estadual entre 1\u00ba de agosto de 1998 e 31 de dezembro de 2006. A secret\u00e1ria da Educa\u00e7\u00e3o, Eliana Estrela, tamb\u00e9m participou do an\u00fancio pelas redes sociais nesta sexta-feira, dia 14 de julho.<\/p>\n\n\n\n<p>No total, s\u00e3o R$ 941,7 milh\u00f5es referentes \u00e0 segunda parcela dos precat\u00f3rios do Fundo de Manuten\u00e7\u00e3o e Desenvolvimento do Ensino Fundamental e de Valoriza\u00e7\u00e3o do Magist\u00e9rio (Fundef). Os professores recebem 60% da parcela, repassados sem incid\u00eancia de Imposto de Renda e com corre\u00e7\u00e3o por juros de mora. Os outros 40% s\u00e3o destinados ao Tesouro Estadual para viabilizar outras a\u00e7\u00f5es de melhoria da educa\u00e7\u00e3o, como investimento em estrutura para amplia\u00e7\u00e3o da educa\u00e7\u00e3o em Tempo Integral. Em 2024 deve ser paga a terceira e \u00faltima parcela do total de valores incontroversos devidos pela Uni\u00e3o, conforme o Supremo Tribunal Federal (STF).<\/p>\n\n\n\n<figure class=\"wp-block-image size-full\"><img loading=\"lazy\" decoding=\"async\" width=\"768\" height=\"495\" src=\"https:\/\/blogdorogeriogomes.com.br\/wp-content\/uploads\/2023\/07\/230714_LIVE-SEGUNDA-PARCELA-PRECATORIOS-SEDUC_CG7554_5-768x495-1.jpg\" alt=\"\" class=\"wp-image-29812\" srcset=\"https:\/\/blogdorogeriogomes.com.br\/noticias\/wp-content\/uploads\/2023\/07\/230714_LIVE-SEGUNDA-PARCELA-PRECATORIOS-SEDUC_CG7554_5-768x495-1.jpg 768w, https:\/\/blogdorogeriogomes.com.br\/noticias\/wp-content\/uploads\/2023\/07\/230714_LIVE-SEGUNDA-PARCELA-PRECATORIOS-SEDUC_CG7554_5-768x495-1-300x193.jpg 300w\" sizes=\"auto, (max-width: 768px) 100vw, 768px\" \/><\/figure>\n","protected":false},"excerpt":{"rendered":"<p>O governador Elmano de Freitas anunciou que o pagamento da segunda parcela dos precat\u00f3rios do Fundef ser\u00e1 realizado no dia 1\u00ba de agosto. S\u00e3o R$ 583 milh\u00f5es destinados para um total de 50.248 benefici\u00e1rios, que estiveram ativos na rede p\u00fablica estadual entre 1\u00ba de agosto de 1998 e 31 de dezembro de 2006. A secret\u00e1ria da Educa\u00e7\u00e3o, Eliana Estrela, tamb\u00e9m participou do an\u00fancio pelas redes sociais nesta sexta-feira, dia 14 de julho. No total, s\u00e3o R$ 941,7 milh\u00f5es referentes&hellip;<\/p>\n","protected":false},"author":1,"featured_media":0,"comment_status":"open","ping_status":"open","sticky":false,"template":"","format":"standard","meta":{"footnotes":""},"categories":[1],"tags":[],"class_list":["post-29811","post","type-post","status-publish","format-standard","hentry","category-noticias"],"_links":{"self":[{"href":"https:\/\/blogdorogeriogomes.com.br\/noticias\/wp-json\/wp\/v2\/posts\/29811","targetHints":{"allow":["GET"]}}],"collection":[{"href":"https:\/\/blogdorogeriogomes.com.br\/noticias\/wp-json\/wp\/v2\/posts"}],"about":[{"href":"https:\/\/blogdorogeriogomes.com.br\/noticias\/wp-json\/wp\/v2\/types\/post"}],"author":[{"embeddable":true,"href":"https:\/\/blogdorogeriogomes.com.br\/noticias\/wp-json\/wp\/v2\/users\/1"}],"replies":[{"embeddable":true,"href":"https:\/\/blogdorogeriogomes.com.br\/noticias\/wp-json\/wp\/v2\/comments?post=29811"}],"version-history":[{"count":1,"href":"https:\/\/blogdorogeriogomes.com.br\/noticias\/wp-json\/wp\/v2\/posts\/29811\/revisions"}],"predecessor-version":[{"id":29813,"href":"https:\/\/blogdorogeriogomes.com.br\/noticias\/wp-json\/wp\/v2\/posts\/29811\/revisions\/29813"}],"wp:attachment":[{"href":"https:\/\/blogdorogeriogomes.com.br\/noticias\/wp-json\/wp\/v2\/media?parent=29811"}],"wp:term":[{"taxonomy":"category","embeddable":true,"href":"https:\/\/blogdorogeriogomes.com.br\/noticias\/wp-json\/wp\/v2\/categories?post=29811"},{"taxonomy":"post_tag","embeddable":true,"href":"https:\/\/blogdorogeriogomes.com.br\/noticias\/wp-json\/wp\/v2\/tags?post=29811"}],"curies":[{"name":"wp","href":"https:\/\/api.w.org\/{rel}","templated":true}]}}