{"id":29817,"date":"2023-07-17T10:19:37","date_gmt":"2023-07-17T10:19:37","guid":{"rendered":"https:\/\/blogdorogeriogomes.com.br\/?p=29817"},"modified":"2023-07-17T10:19:38","modified_gmt":"2023-07-17T10:19:38","slug":"lula-tenta-adiantar-em-bruxelas-acordo-entre-mercosul-e-uniao-europeia","status":"publish","type":"post","link":"https:\/\/blogdorogeriogomes.com.br\/noticias\/2023\/07\/lula-tenta-adiantar-em-bruxelas-acordo-entre-mercosul-e-uniao-europeia\/","title":{"rendered":"Lula tenta adiantar em Bruxelas acordo entre Mercosul e Uni\u00e3o Europeia"},"content":{"rendered":"\n<p>L\u00edder do Mercosul, o presidente\u00a0Lula\u00a0(PT) est\u00e1 nesta segunda-feira, dia 17 de julho, em Bruxelas, na B\u00e9lgica. Ele declarou que o Brasil espera fechar ainda em 2023 um acordo &#8220;equilibrado&#8221; entre Mercosul e Uni\u00e3o Europeia. Lula afirmou ainda que o Brasil &#8220;vai cumprir com sua parte na quest\u00e3o do clima&#8221;. O presidente brasileiro tem extensa agenda com pa\u00edses da Comunidade de Estados Latino-Americanos e Caribenhos e da Uni\u00e3o Europeia nesta segunda e ter\u00e7a-feira, dia 18. O encontro entre os l\u00edderes dos dois blocos re\u00fane 60 pa\u00edses.<\/p>\n\n\n\n<p>A negocia\u00e7\u00e3o para o acordo entre os dois blocos foi conclu\u00edda parcialmente em 2019. Neste ano, no entanto, os europeus enviaram uma carta adicional ao Mercosul que prev\u00ea san\u00e7\u00f5es em quest\u00f5es ambientais, o que Lula chegou a classificar como uma &#8220;amea\u00e7a&#8221;.<\/p>\n\n\n\n<p>Nesta segunda, a presidente da Comiss\u00e3o Europeia, Ursula von der Leyen, disse que um acordo entre os dois blocos estava &#8220;ao alcance&#8221; e que os europeus queriam resolver &#8220;qualquer diferen\u00e7a restante o mais r\u00e1pido poss\u00edvel.&#8221;<\/p>\n\n\n\n<figure class=\"wp-block-image size-full\"><img loading=\"lazy\" decoding=\"async\" width=\"984\" height=\"657\" src=\"https:\/\/blogdorogeriogomes.com.br\/wp-content\/uploads\/2023\/07\/2023-07-17t070823z-620248297-rc2v42am8ng5-rtrmadp-3-eu-latam-brazil.jpg\" alt=\"\" class=\"wp-image-29818\" srcset=\"https:\/\/blogdorogeriogomes.com.br\/noticias\/wp-content\/uploads\/2023\/07\/2023-07-17t070823z-620248297-rc2v42am8ng5-rtrmadp-3-eu-latam-brazil.jpg 984w, https:\/\/blogdorogeriogomes.com.br\/noticias\/wp-content\/uploads\/2023\/07\/2023-07-17t070823z-620248297-rc2v42am8ng5-rtrmadp-3-eu-latam-brazil-300x200.jpg 300w, https:\/\/blogdorogeriogomes.com.br\/noticias\/wp-content\/uploads\/2023\/07\/2023-07-17t070823z-620248297-rc2v42am8ng5-rtrmadp-3-eu-latam-brazil-768x513.jpg 768w, https:\/\/blogdorogeriogomes.com.br\/noticias\/wp-content\/uploads\/2023\/07\/2023-07-17t070823z-620248297-rc2v42am8ng5-rtrmadp-3-eu-latam-brazil-800x534.jpg 800w\" sizes=\"auto, (max-width: 984px) 100vw, 984px\" \/><\/figure>\n","protected":false},"excerpt":{"rendered":"<p>L\u00edder do Mercosul, o presidente\u00a0Lula\u00a0(PT) est\u00e1 nesta segunda-feira, dia 17 de julho, em Bruxelas, na B\u00e9lgica. Ele declarou que o Brasil espera fechar ainda em 2023 um acordo &#8220;equilibrado&#8221; entre Mercosul e Uni\u00e3o Europeia. Lula afirmou ainda que o Brasil &#8220;vai cumprir com sua parte na quest\u00e3o do clima&#8221;. O presidente brasileiro tem extensa agenda com pa\u00edses da Comunidade de Estados Latino-Americanos e Caribenhos e da Uni\u00e3o Europeia nesta segunda e ter\u00e7a-feira, dia 18. O encontro entre os l\u00edderes&hellip;<\/p>\n","protected":false},"author":1,"featured_media":0,"comment_status":"open","ping_status":"open","sticky":false,"template":"","format":"standard","meta":{"footnotes":""},"categories":[1],"tags":[],"class_list":["post-29817","post","type-post","status-publish","format-standard","hentry","category-noticias"],"_links":{"self":[{"href":"https:\/\/blogdorogeriogomes.com.br\/noticias\/wp-json\/wp\/v2\/posts\/29817","targetHints":{"allow":["GET"]}}],"collection":[{"href":"https:\/\/blogdorogeriogomes.com.br\/noticias\/wp-json\/wp\/v2\/posts"}],"about":[{"href":"https:\/\/blogdorogeriogomes.com.br\/noticias\/wp-json\/wp\/v2\/types\/post"}],"author":[{"embeddable":true,"href":"https:\/\/blogdorogeriogomes.com.br\/noticias\/wp-json\/wp\/v2\/users\/1"}],"replies":[{"embeddable":true,"href":"https:\/\/blogdorogeriogomes.com.br\/noticias\/wp-json\/wp\/v2\/comments?post=29817"}],"version-history":[{"count":1,"href":"https:\/\/blogdorogeriogomes.com.br\/noticias\/wp-json\/wp\/v2\/posts\/29817\/revisions"}],"predecessor-version":[{"id":29819,"href":"https:\/\/blogdorogeriogomes.com.br\/noticias\/wp-json\/wp\/v2\/posts\/29817\/revisions\/29819"}],"wp:attachment":[{"href":"https:\/\/blogdorogeriogomes.com.br\/noticias\/wp-json\/wp\/v2\/media?parent=29817"}],"wp:term":[{"taxonomy":"category","embeddable":true,"href":"https:\/\/blogdorogeriogomes.com.br\/noticias\/wp-json\/wp\/v2\/categories?post=29817"},{"taxonomy":"post_tag","embeddable":true,"href":"https:\/\/blogdorogeriogomes.com.br\/noticias\/wp-json\/wp\/v2\/tags?post=29817"}],"curies":[{"name":"wp","href":"https:\/\/api.w.org\/{rel}","templated":true}]}}