{"id":29820,"date":"2023-07-17T10:45:38","date_gmt":"2023-07-17T10:45:38","guid":{"rendered":"https:\/\/blogdorogeriogomes.com.br\/?p=29820"},"modified":"2023-07-17T10:45:39","modified_gmt":"2023-07-17T10:45:39","slug":"pf-comeca-ouvir-envolvidos-em-agressao-ao-ministro-alexandre-de-moraes-em-roma","status":"publish","type":"post","link":"https:\/\/blogdorogeriogomes.com.br\/noticias\/2023\/07\/pf-comeca-ouvir-envolvidos-em-agressao-ao-ministro-alexandre-de-moraes-em-roma\/","title":{"rendered":"PF come\u00e7a ouvir envolvidos em agress\u00e3o ao ministro Alexandre de Moraes em Roma"},"content":{"rendered":"\n<p>Os agressores do ministro Alexandre de Moraes, do Supremo Tribunal Federal (STF), no Aeroporto de Roma, podem enfrentar graves consequ\u00eancias legais, podendo pegar at\u00e9 oito anos de pris\u00e3o, de acordo com especialistas. Os ataques sofridos pelo ministro podem resultar em investiga\u00e7\u00f5es por crimes contra a honra ou mesmo por tentativa de abolir o Estado Democr\u00e1tico de Direito.<\/p>\n\n\n\n<p>A Pol\u00edcia Federal e o Minist\u00e9rio P\u00fablico Federal podem considerar que a viol\u00eancia do grupo teve como objetivo coagi-lo ou constrang\u00ea-lo no exerc\u00edcio de sua fun\u00e7\u00e3o, aumentando assim a pena para at\u00e9 oito anos de reclus\u00e3o. Os envolvidos no epis\u00f3dio de agress\u00e3o verbal e f\u00edsica contra o filho do ministro j\u00e1 come\u00e7aram a ser ouvidos pela PF no Brasil.<\/p>\n\n\n\n<p>O empres\u00e1rio Roberto Mantovani Filho, sua esposa, Andr\u00e9ia Munar\u00e3o, e o genro do casal, Alex Zanatta, teriam proferido insultos graves contra o ministro, como &#8220;bandido, comunista e comprado&#8221;. Embora inicialmente os ataques possam ser considerados crimes contra a honra, com pena de at\u00e9 seis meses de deten\u00e7\u00e3o, a gravidade da situa\u00e7\u00e3o pode levar \u00e0 caracteriza\u00e7\u00e3o de crimes contra o Estado Democr\u00e1tico de Direito, o que pode resultar em uma pena de at\u00e9 oito anos de pris\u00e3o.<\/p>\n\n\n\n<figure class=\"wp-block-image size-full\"><img loading=\"lazy\" decoding=\"async\" width=\"678\" height=\"452\" src=\"https:\/\/blogdorogeriogomes.com.br\/wp-content\/uploads\/2023\/07\/images-5.jpeg\" alt=\"\" class=\"wp-image-29821\" srcset=\"https:\/\/blogdorogeriogomes.com.br\/noticias\/wp-content\/uploads\/2023\/07\/images-5.jpeg 678w, https:\/\/blogdorogeriogomes.com.br\/noticias\/wp-content\/uploads\/2023\/07\/images-5-300x200.jpeg 300w\" sizes=\"auto, (max-width: 678px) 100vw, 678px\" \/><\/figure>\n","protected":false},"excerpt":{"rendered":"<p>Os agressores do ministro Alexandre de Moraes, do Supremo Tribunal Federal (STF), no Aeroporto de Roma, podem enfrentar graves consequ\u00eancias legais, podendo pegar at\u00e9 oito anos de pris\u00e3o, de acordo com especialistas. Os ataques sofridos pelo ministro podem resultar em investiga\u00e7\u00f5es por crimes contra a honra ou mesmo por tentativa de abolir o Estado Democr\u00e1tico de Direito. A Pol\u00edcia Federal e o Minist\u00e9rio P\u00fablico Federal podem considerar que a viol\u00eancia do grupo teve como objetivo coagi-lo ou constrang\u00ea-lo no&hellip;<\/p>\n","protected":false},"author":1,"featured_media":0,"comment_status":"open","ping_status":"open","sticky":false,"template":"","format":"standard","meta":{"footnotes":""},"categories":[1],"tags":[],"class_list":["post-29820","post","type-post","status-publish","format-standard","hentry","category-noticias"],"_links":{"self":[{"href":"https:\/\/blogdorogeriogomes.com.br\/noticias\/wp-json\/wp\/v2\/posts\/29820","targetHints":{"allow":["GET"]}}],"collection":[{"href":"https:\/\/blogdorogeriogomes.com.br\/noticias\/wp-json\/wp\/v2\/posts"}],"about":[{"href":"https:\/\/blogdorogeriogomes.com.br\/noticias\/wp-json\/wp\/v2\/types\/post"}],"author":[{"embeddable":true,"href":"https:\/\/blogdorogeriogomes.com.br\/noticias\/wp-json\/wp\/v2\/users\/1"}],"replies":[{"embeddable":true,"href":"https:\/\/blogdorogeriogomes.com.br\/noticias\/wp-json\/wp\/v2\/comments?post=29820"}],"version-history":[{"count":1,"href":"https:\/\/blogdorogeriogomes.com.br\/noticias\/wp-json\/wp\/v2\/posts\/29820\/revisions"}],"predecessor-version":[{"id":29822,"href":"https:\/\/blogdorogeriogomes.com.br\/noticias\/wp-json\/wp\/v2\/posts\/29820\/revisions\/29822"}],"wp:attachment":[{"href":"https:\/\/blogdorogeriogomes.com.br\/noticias\/wp-json\/wp\/v2\/media?parent=29820"}],"wp:term":[{"taxonomy":"category","embeddable":true,"href":"https:\/\/blogdorogeriogomes.com.br\/noticias\/wp-json\/wp\/v2\/categories?post=29820"},{"taxonomy":"post_tag","embeddable":true,"href":"https:\/\/blogdorogeriogomes.com.br\/noticias\/wp-json\/wp\/v2\/tags?post=29820"}],"curies":[{"name":"wp","href":"https:\/\/api.w.org\/{rel}","templated":true}]}}