{"id":29826,"date":"2023-07-17T18:29:09","date_gmt":"2023-07-17T18:29:09","guid":{"rendered":"https:\/\/blogdorogeriogomes.com.br\/?p=29826"},"modified":"2023-07-17T18:29:10","modified_gmt":"2023-07-17T18:29:10","slug":"prefeito-de-fortaleza-participa-de-programa-de-liderancas-da-bloomberg-em-parceria-com-harvard","status":"publish","type":"post","link":"https:\/\/blogdorogeriogomes.com.br\/noticias\/2023\/07\/prefeito-de-fortaleza-participa-de-programa-de-liderancas-da-bloomberg-em-parceria-com-harvard\/","title":{"rendered":"Prefeito de Fortaleza participa de programa de lideran\u00e7as da Bloomberg em parceria com Harvard"},"content":{"rendered":"\n<p>O prefeito de Fortaleza, Jos\u00e9 Sarto, est\u00e1 no Exterior. Ele foi o \u00fanico gestor municipal brasileiro selecionado para participar de curso de forma\u00e7\u00e3o de lideran\u00e7as realizado at\u00e9 esta quarta-feira, dia 19 de julho, em Nova York, nos Estados Unidos, pela Bloomberg Philanthropies em parceria com a Universidade de Harvard. Enquanto Sarto participa da forma\u00e7\u00e3o, \u00c9lcio Batista assume interinamente a Prefeitura de Fortaleza.<\/p>\n\n\n\n<p>O programa Bloomberg Harvard City Leadership capacitar\u00e1 40 prefeitos de todo mundo para promover o desenvolvimento e reduzir desigualdades sociais nas cidades. Al\u00e9m da programa\u00e7\u00e3o presencial na sede da Bloomberg, o curso ter\u00e1 aulas virtuais durante um ano. O prefeito participa da atividade a convite da Bloomberg, com as despesas custeadas pela institui\u00e7\u00e3o filantr\u00f3pica.<\/p>\n\n\n\n<figure class=\"wp-block-image size-full\"><img loading=\"lazy\" decoding=\"async\" width=\"1024\" height=\"602\" src=\"https:\/\/blogdorogeriogomes.com.br\/wp-content\/uploads\/2023\/07\/17-07-2023-Bloomberg.jpg\" alt=\"\" class=\"wp-image-29827\" srcset=\"https:\/\/blogdorogeriogomes.com.br\/noticias\/wp-content\/uploads\/2023\/07\/17-07-2023-Bloomberg.jpg 1024w, https:\/\/blogdorogeriogomes.com.br\/noticias\/wp-content\/uploads\/2023\/07\/17-07-2023-Bloomberg-300x176.jpg 300w, https:\/\/blogdorogeriogomes.com.br\/noticias\/wp-content\/uploads\/2023\/07\/17-07-2023-Bloomberg-768x452.jpg 768w, https:\/\/blogdorogeriogomes.com.br\/noticias\/wp-content\/uploads\/2023\/07\/17-07-2023-Bloomberg-800x470.jpg 800w\" sizes=\"auto, (max-width: 1024px) 100vw, 1024px\" \/><\/figure>\n","protected":false},"excerpt":{"rendered":"<p>O prefeito de Fortaleza, Jos\u00e9 Sarto, est\u00e1 no Exterior. Ele foi o \u00fanico gestor municipal brasileiro selecionado para participar de curso de forma\u00e7\u00e3o de lideran\u00e7as realizado at\u00e9 esta quarta-feira, dia 19 de julho, em Nova York, nos Estados Unidos, pela Bloomberg Philanthropies em parceria com a Universidade de Harvard. Enquanto Sarto participa da forma\u00e7\u00e3o, \u00c9lcio Batista assume interinamente a Prefeitura de Fortaleza. O programa Bloomberg Harvard City Leadership capacitar\u00e1 40 prefeitos de todo mundo para promover o desenvolvimento e&hellip;<\/p>\n","protected":false},"author":1,"featured_media":0,"comment_status":"open","ping_status":"open","sticky":false,"template":"","format":"standard","meta":{"footnotes":""},"categories":[1],"tags":[],"class_list":["post-29826","post","type-post","status-publish","format-standard","hentry","category-noticias"],"_links":{"self":[{"href":"https:\/\/blogdorogeriogomes.com.br\/noticias\/wp-json\/wp\/v2\/posts\/29826","targetHints":{"allow":["GET"]}}],"collection":[{"href":"https:\/\/blogdorogeriogomes.com.br\/noticias\/wp-json\/wp\/v2\/posts"}],"about":[{"href":"https:\/\/blogdorogeriogomes.com.br\/noticias\/wp-json\/wp\/v2\/types\/post"}],"author":[{"embeddable":true,"href":"https:\/\/blogdorogeriogomes.com.br\/noticias\/wp-json\/wp\/v2\/users\/1"}],"replies":[{"embeddable":true,"href":"https:\/\/blogdorogeriogomes.com.br\/noticias\/wp-json\/wp\/v2\/comments?post=29826"}],"version-history":[{"count":1,"href":"https:\/\/blogdorogeriogomes.com.br\/noticias\/wp-json\/wp\/v2\/posts\/29826\/revisions"}],"predecessor-version":[{"id":29828,"href":"https:\/\/blogdorogeriogomes.com.br\/noticias\/wp-json\/wp\/v2\/posts\/29826\/revisions\/29828"}],"wp:attachment":[{"href":"https:\/\/blogdorogeriogomes.com.br\/noticias\/wp-json\/wp\/v2\/media?parent=29826"}],"wp:term":[{"taxonomy":"category","embeddable":true,"href":"https:\/\/blogdorogeriogomes.com.br\/noticias\/wp-json\/wp\/v2\/categories?post=29826"},{"taxonomy":"post_tag","embeddable":true,"href":"https:\/\/blogdorogeriogomes.com.br\/noticias\/wp-json\/wp\/v2\/tags?post=29826"}],"curies":[{"name":"wp","href":"https:\/\/api.w.org\/{rel}","templated":true}]}}