{"id":29829,"date":"2023-07-17T18:51:48","date_gmt":"2023-07-17T18:51:48","guid":{"rendered":"https:\/\/blogdorogeriogomes.com.br\/?p=29829"},"modified":"2023-07-17T18:51:48","modified_gmt":"2023-07-17T18:51:48","slug":"ceara-sedia-lancamento-do-plano-safra-da-agricultura-familiar-no-nordeste","status":"publish","type":"post","link":"https:\/\/blogdorogeriogomes.com.br\/noticias\/2023\/07\/ceara-sedia-lancamento-do-plano-safra-da-agricultura-familiar-no-nordeste\/","title":{"rendered":"Cear\u00e1 sedia lan\u00e7amento do Plano Safra da Agricultura Familiar no Nordeste"},"content":{"rendered":"\n<p>O Plano Safra da Agricultura Familiar 2023\/204 no Nordeste foi lan\u00e7ado na manh\u00e3 desta segunda-feira, dia 17 de julho. Sediado no Cear\u00e1, o evento realizado pelo Minist\u00e9rio do Desenvolvimento Agr\u00e1rio e Agricultura Familiar contou com a presen\u00e7a do governador Elmano de Freitas; do ministro da pasta, Paulo Teixeira; da primeira-dama do Cear\u00e1, Lia de Freitas e do secret\u00e1ria do Desenvolvimento Agr\u00e1rio do Cear\u00e1, Mois\u00e9s Br\u00e1s.<\/p>\n\n\n\n<p>Este \u00e9 considerado o maior volume de cr\u00e9dito rural da hist\u00f3ria. Foram anunciados R$ 71,6 bilh\u00f5es para o Programa Nacional de Fortalecimento da Agricultura Familiar, o Pronaf, o volume \u00e9 34% superior ao anunciado na safra passada.<\/p>\n\n\n\n<p>As mudan\u00e7as no microcr\u00e9dito produtivo, o Pronaf B, ou Agroamigo, como \u00e9 conhecido no Nordeste, devem beneficiar cerca de 1 milh\u00e3o de agricultoras e agricultores familiares nordestinos.\u00a0<\/p>\n\n\n\n<p>O ministro do Desenvolvimento Agr\u00e1rio e Agricultura Familiar, Paulo Texeira, destacou a forte vontade do Governo Federal de trabalhar junto ao agricultor familiar para tirar o Brasil do mapa da fome, j\u00e1 que a agricultura familiar representa 70% da produ\u00e7\u00e3o do pa\u00eds.<\/p>\n\n\n\n<figure class=\"wp-block-image size-large\"><img loading=\"lazy\" decoding=\"async\" width=\"1024\" height=\"684\" src=\"https:\/\/blogdorogeriogomes.com.br\/wp-content\/uploads\/2023\/07\/230717_LANC-PLANO-SAFRA-GOV-MIN-PAULO-TEIXEIRA_CG0026_9-1200x802-1-1024x684.jpg\" alt=\"\" class=\"wp-image-29830\" srcset=\"https:\/\/blogdorogeriogomes.com.br\/noticias\/wp-content\/uploads\/2023\/07\/230717_LANC-PLANO-SAFRA-GOV-MIN-PAULO-TEIXEIRA_CG0026_9-1200x802-1-1024x684.jpg 1024w, https:\/\/blogdorogeriogomes.com.br\/noticias\/wp-content\/uploads\/2023\/07\/230717_LANC-PLANO-SAFRA-GOV-MIN-PAULO-TEIXEIRA_CG0026_9-1200x802-1-300x201.jpg 300w, https:\/\/blogdorogeriogomes.com.br\/noticias\/wp-content\/uploads\/2023\/07\/230717_LANC-PLANO-SAFRA-GOV-MIN-PAULO-TEIXEIRA_CG0026_9-1200x802-1-768x513.jpg 768w, https:\/\/blogdorogeriogomes.com.br\/noticias\/wp-content\/uploads\/2023\/07\/230717_LANC-PLANO-SAFRA-GOV-MIN-PAULO-TEIXEIRA_CG0026_9-1200x802-1-800x535.jpg 800w, https:\/\/blogdorogeriogomes.com.br\/noticias\/wp-content\/uploads\/2023\/07\/230717_LANC-PLANO-SAFRA-GOV-MIN-PAULO-TEIXEIRA_CG0026_9-1200x802-1.jpg 1200w\" sizes=\"auto, (max-width: 1024px) 100vw, 1024px\" \/><\/figure>\n","protected":false},"excerpt":{"rendered":"<p>O Plano Safra da Agricultura Familiar 2023\/204 no Nordeste foi lan\u00e7ado na manh\u00e3 desta segunda-feira, dia 17 de julho. Sediado no Cear\u00e1, o evento realizado pelo Minist\u00e9rio do Desenvolvimento Agr\u00e1rio e Agricultura Familiar contou com a presen\u00e7a do governador Elmano de Freitas; do ministro da pasta, Paulo Teixeira; da primeira-dama do Cear\u00e1, Lia de Freitas e do secret\u00e1ria do Desenvolvimento Agr\u00e1rio do Cear\u00e1, Mois\u00e9s Br\u00e1s. Este \u00e9 considerado o maior volume de cr\u00e9dito rural da hist\u00f3ria. Foram anunciados R$&hellip;<\/p>\n","protected":false},"author":1,"featured_media":0,"comment_status":"open","ping_status":"open","sticky":false,"template":"","format":"standard","meta":{"footnotes":""},"categories":[1],"tags":[],"class_list":["post-29829","post","type-post","status-publish","format-standard","hentry","category-noticias"],"_links":{"self":[{"href":"https:\/\/blogdorogeriogomes.com.br\/noticias\/wp-json\/wp\/v2\/posts\/29829","targetHints":{"allow":["GET"]}}],"collection":[{"href":"https:\/\/blogdorogeriogomes.com.br\/noticias\/wp-json\/wp\/v2\/posts"}],"about":[{"href":"https:\/\/blogdorogeriogomes.com.br\/noticias\/wp-json\/wp\/v2\/types\/post"}],"author":[{"embeddable":true,"href":"https:\/\/blogdorogeriogomes.com.br\/noticias\/wp-json\/wp\/v2\/users\/1"}],"replies":[{"embeddable":true,"href":"https:\/\/blogdorogeriogomes.com.br\/noticias\/wp-json\/wp\/v2\/comments?post=29829"}],"version-history":[{"count":1,"href":"https:\/\/blogdorogeriogomes.com.br\/noticias\/wp-json\/wp\/v2\/posts\/29829\/revisions"}],"predecessor-version":[{"id":29831,"href":"https:\/\/blogdorogeriogomes.com.br\/noticias\/wp-json\/wp\/v2\/posts\/29829\/revisions\/29831"}],"wp:attachment":[{"href":"https:\/\/blogdorogeriogomes.com.br\/noticias\/wp-json\/wp\/v2\/media?parent=29829"}],"wp:term":[{"taxonomy":"category","embeddable":true,"href":"https:\/\/blogdorogeriogomes.com.br\/noticias\/wp-json\/wp\/v2\/categories?post=29829"},{"taxonomy":"post_tag","embeddable":true,"href":"https:\/\/blogdorogeriogomes.com.br\/noticias\/wp-json\/wp\/v2\/tags?post=29829"}],"curies":[{"name":"wp","href":"https:\/\/api.w.org\/{rel}","templated":true}]}}