{"id":29832,"date":"2023-07-18T10:55:39","date_gmt":"2023-07-18T10:55:39","guid":{"rendered":"https:\/\/blogdorogeriogomes.com.br\/?p=29832"},"modified":"2023-07-18T10:55:40","modified_gmt":"2023-07-18T10:55:40","slug":"partido-de-bolsonaro-tenta-expulsao-de-deputado-federal-yury-do-paredao-que-fez-o-l-em-evento-no-ceara","status":"publish","type":"post","link":"https:\/\/blogdorogeriogomes.com.br\/noticias\/2023\/07\/partido-de-bolsonaro-tenta-expulsao-de-deputado-federal-yury-do-paredao-que-fez-o-l-em-evento-no-ceara\/","title":{"rendered":"Partido de Bolsonaro tenta expuls\u00e3o de deputado federal Yury do Pared\u00e3o que fez o &#8220;L&#8221; em evento no Cear\u00e1"},"content":{"rendered":"\n<p>O presidente nacional do PL, Valdemar da Costa Neto, perdeu a paci\u00eancia com o deputado federal cearense Yury do Pared\u00e3o (PL). Quer agora a expuls\u00e3o do parlamentar da legenda, porque Yury vem se aproximando nos \u00faltimos tempos da gest\u00e3o do presidente Lula (PT), inclusive com vota\u00e7\u00f5es favor\u00e1veis ao Governo Federal na C\u00e2mara dos Deputados. O PL \u00e9 o partido do ex-presidente Jair Bolsonaro.<\/p>\n\n\n\n<p>A &#8220;gota d&#8217;\u00e1gua&#8221; foi o fato de o deputado federal do PL ter aparecido em uma foto fazendo o &#8220;L&#8221; em alus\u00e3o a Lula durante o lan\u00e7amento de um sistema de bombas da transposi\u00e7\u00e3o do Rio S\u00e3o Francisco de Pernambuco para o Cear\u00e1. Ele posou ao lado de Paulo Pimenta, ministro Comunica\u00e7\u00e3o Social; e Waldez G\u00f3es, ministro do Desenvolvimento Regional. Na foto aparece tamb\u00e9m Jade Romero, vice-governadora do Cear\u00e1.<\/p>\n\n\n\n<p>&#8220;Solicitei ao diret\u00f3rio do PL no Cear\u00e1 a abertura do processo de expuls\u00e3o do deputado federal Yury do Pared\u00e3o. Ao que tudo indica, o parlamentar licenciado parece n\u00e3o comungar com os ideais do Partido Liberal&#8221;, afirmou o presidente nacional do PL, Valdemar da Costa Neto. Yury do Pared\u00e3o j\u00e1 tinha aparecido em outra foto ao lado de Lula, durante a \u00faltima visita do petista ao Cear\u00e1 em mar\u00e7o passado.<\/p>\n\n\n\n<figure class=\"wp-block-image size-full\"><img loading=\"lazy\" decoding=\"async\" width=\"984\" height=\"767\" src=\"https:\/\/blogdorogeriogomes.com.br\/wp-content\/uploads\/2023\/07\/yury-paredao-faz-l-2.jpg\" alt=\"\" class=\"wp-image-29833\" srcset=\"https:\/\/blogdorogeriogomes.com.br\/noticias\/wp-content\/uploads\/2023\/07\/yury-paredao-faz-l-2.jpg 984w, https:\/\/blogdorogeriogomes.com.br\/noticias\/wp-content\/uploads\/2023\/07\/yury-paredao-faz-l-2-300x234.jpg 300w, https:\/\/blogdorogeriogomes.com.br\/noticias\/wp-content\/uploads\/2023\/07\/yury-paredao-faz-l-2-768x599.jpg 768w, https:\/\/blogdorogeriogomes.com.br\/noticias\/wp-content\/uploads\/2023\/07\/yury-paredao-faz-l-2-800x624.jpg 800w\" sizes=\"auto, (max-width: 984px) 100vw, 984px\" \/><\/figure>\n","protected":false},"excerpt":{"rendered":"<p>O presidente nacional do PL, Valdemar da Costa Neto, perdeu a paci\u00eancia com o deputado federal cearense Yury do Pared\u00e3o (PL). Quer agora a expuls\u00e3o do parlamentar da legenda, porque Yury vem se aproximando nos \u00faltimos tempos da gest\u00e3o do presidente Lula (PT), inclusive com vota\u00e7\u00f5es favor\u00e1veis ao Governo Federal na C\u00e2mara dos Deputados. O PL \u00e9 o partido do ex-presidente Jair Bolsonaro. A &#8220;gota d&#8217;\u00e1gua&#8221; foi o fato de o deputado federal do PL ter aparecido em uma&hellip;<\/p>\n","protected":false},"author":1,"featured_media":0,"comment_status":"open","ping_status":"open","sticky":false,"template":"","format":"standard","meta":{"footnotes":""},"categories":[1],"tags":[],"class_list":["post-29832","post","type-post","status-publish","format-standard","hentry","category-noticias"],"_links":{"self":[{"href":"https:\/\/blogdorogeriogomes.com.br\/noticias\/wp-json\/wp\/v2\/posts\/29832","targetHints":{"allow":["GET"]}}],"collection":[{"href":"https:\/\/blogdorogeriogomes.com.br\/noticias\/wp-json\/wp\/v2\/posts"}],"about":[{"href":"https:\/\/blogdorogeriogomes.com.br\/noticias\/wp-json\/wp\/v2\/types\/post"}],"author":[{"embeddable":true,"href":"https:\/\/blogdorogeriogomes.com.br\/noticias\/wp-json\/wp\/v2\/users\/1"}],"replies":[{"embeddable":true,"href":"https:\/\/blogdorogeriogomes.com.br\/noticias\/wp-json\/wp\/v2\/comments?post=29832"}],"version-history":[{"count":1,"href":"https:\/\/blogdorogeriogomes.com.br\/noticias\/wp-json\/wp\/v2\/posts\/29832\/revisions"}],"predecessor-version":[{"id":29834,"href":"https:\/\/blogdorogeriogomes.com.br\/noticias\/wp-json\/wp\/v2\/posts\/29832\/revisions\/29834"}],"wp:attachment":[{"href":"https:\/\/blogdorogeriogomes.com.br\/noticias\/wp-json\/wp\/v2\/media?parent=29832"}],"wp:term":[{"taxonomy":"category","embeddable":true,"href":"https:\/\/blogdorogeriogomes.com.br\/noticias\/wp-json\/wp\/v2\/categories?post=29832"},{"taxonomy":"post_tag","embeddable":true,"href":"https:\/\/blogdorogeriogomes.com.br\/noticias\/wp-json\/wp\/v2\/tags?post=29832"}],"curies":[{"name":"wp","href":"https:\/\/api.w.org\/{rel}","templated":true}]}}