{"id":29838,"date":"2023-07-18T12:46:05","date_gmt":"2023-07-18T12:46:05","guid":{"rendered":"https:\/\/blogdorogeriogomes.com.br\/?p=29838"},"modified":"2023-07-18T12:46:06","modified_gmt":"2023-07-18T12:46:06","slug":"feira-fama-2023-reune-artesanato-gastronomia-moda-e-cultura-na-avenida-beira-mar","status":"publish","type":"post","link":"https:\/\/blogdorogeriogomes.com.br\/noticias\/2023\/07\/feira-fama-2023-reune-artesanato-gastronomia-moda-e-cultura-na-avenida-beira-mar\/","title":{"rendered":"Feira Fama 2023 re\u00fane artesanato, gastronomia, moda e cultura na avenida Beira-Mar"},"content":{"rendered":"\n<p>A avenida Beira-Mar, em Fortaleza, come\u00e7a a receber nesta quarta-feira, dia 19 de julho, a 20\u00aa edi\u00e7\u00e3o da Feira Fama 2023. O evento re\u00fane artes\u00e3os, micro e pequenos empres\u00e1rios, amantes da cultura e gastronomia. A expectativa \u00e9 da presen\u00e7a de cerca de 70 mil pessoas, entre turistas de f\u00e9rias e moradores de Fortaleza, durante os dias de evento.<\/p>\n\n\n\n<p>A Feira Fama 2023 acontece at\u00e9 o dia 23 de julho, das 17 \u00e0s 22 horas, na avenida Beira-Mar, no trecho compreendido entre as ruas Nunes Valente e Tib\u00farcio Cavalcante. A feira \u00e9 aberta ao p\u00fablico e a entrada \u00e9 gratuita.<\/p>\n\n\n\n<p>A programa\u00e7\u00e3o do evento reserva desfiles de moda; confec\u00e7\u00f5es masculinas, femininas, infantis e de moda praia; acess\u00f3rios; artigos de decora\u00e7\u00e3o; agricultura familiar; apresenta\u00e7\u00f5es culturais; aulas-show, capacita\u00e7\u00f5es, oficinas de gastronomia, croch\u00ea, artesanato e consultorias em planejamento, marketing digital, gest\u00e3o financeira, gest\u00e3o empresarial, inova\u00e7\u00e3o e tecnologia. Al\u00e9m de rodas de conversas, palestras e apresenta\u00e7\u00f5es tradicionais como o maracatu, embolada, quadrilha e forr\u00f3 p\u00e9 de serra.<\/p>\n\n\n\n<figure class=\"wp-block-image size-full\"><img loading=\"lazy\" decoding=\"async\" width=\"640\" height=\"480\" src=\"https:\/\/blogdorogeriogomes.com.br\/wp-content\/uploads\/2023\/07\/IMG-20230718-WA0046.jpg\" alt=\"\" class=\"wp-image-29839\" srcset=\"https:\/\/blogdorogeriogomes.com.br\/noticias\/wp-content\/uploads\/2023\/07\/IMG-20230718-WA0046.jpg 640w, https:\/\/blogdorogeriogomes.com.br\/noticias\/wp-content\/uploads\/2023\/07\/IMG-20230718-WA0046-300x225.jpg 300w, https:\/\/blogdorogeriogomes.com.br\/noticias\/wp-content\/uploads\/2023\/07\/IMG-20230718-WA0046-400x300.jpg 400w\" sizes=\"auto, (max-width: 640px) 100vw, 640px\" \/><\/figure>\n","protected":false},"excerpt":{"rendered":"<p>A avenida Beira-Mar, em Fortaleza, come\u00e7a a receber nesta quarta-feira, dia 19 de julho, a 20\u00aa edi\u00e7\u00e3o da Feira Fama 2023. O evento re\u00fane artes\u00e3os, micro e pequenos empres\u00e1rios, amantes da cultura e gastronomia. A expectativa \u00e9 da presen\u00e7a de cerca de 70 mil pessoas, entre turistas de f\u00e9rias e moradores de Fortaleza, durante os dias de evento. A Feira Fama 2023 acontece at\u00e9 o dia 23 de julho, das 17 \u00e0s 22 horas, na avenida Beira-Mar, no trecho&hellip;<\/p>\n","protected":false},"author":1,"featured_media":0,"comment_status":"open","ping_status":"open","sticky":false,"template":"","format":"standard","meta":{"footnotes":""},"categories":[1],"tags":[],"class_list":["post-29838","post","type-post","status-publish","format-standard","hentry","category-noticias"],"_links":{"self":[{"href":"https:\/\/blogdorogeriogomes.com.br\/noticias\/wp-json\/wp\/v2\/posts\/29838","targetHints":{"allow":["GET"]}}],"collection":[{"href":"https:\/\/blogdorogeriogomes.com.br\/noticias\/wp-json\/wp\/v2\/posts"}],"about":[{"href":"https:\/\/blogdorogeriogomes.com.br\/noticias\/wp-json\/wp\/v2\/types\/post"}],"author":[{"embeddable":true,"href":"https:\/\/blogdorogeriogomes.com.br\/noticias\/wp-json\/wp\/v2\/users\/1"}],"replies":[{"embeddable":true,"href":"https:\/\/blogdorogeriogomes.com.br\/noticias\/wp-json\/wp\/v2\/comments?post=29838"}],"version-history":[{"count":1,"href":"https:\/\/blogdorogeriogomes.com.br\/noticias\/wp-json\/wp\/v2\/posts\/29838\/revisions"}],"predecessor-version":[{"id":29840,"href":"https:\/\/blogdorogeriogomes.com.br\/noticias\/wp-json\/wp\/v2\/posts\/29838\/revisions\/29840"}],"wp:attachment":[{"href":"https:\/\/blogdorogeriogomes.com.br\/noticias\/wp-json\/wp\/v2\/media?parent=29838"}],"wp:term":[{"taxonomy":"category","embeddable":true,"href":"https:\/\/blogdorogeriogomes.com.br\/noticias\/wp-json\/wp\/v2\/categories?post=29838"},{"taxonomy":"post_tag","embeddable":true,"href":"https:\/\/blogdorogeriogomes.com.br\/noticias\/wp-json\/wp\/v2\/tags?post=29838"}],"curies":[{"name":"wp","href":"https:\/\/api.w.org\/{rel}","templated":true}]}}