{"id":29841,"date":"2023-07-18T19:43:36","date_gmt":"2023-07-18T19:43:36","guid":{"rendered":"https:\/\/blogdorogeriogomes.com.br\/?p=29841"},"modified":"2023-07-18T19:43:37","modified_gmt":"2023-07-18T19:43:37","slug":"governo-do-ceara-anuncia-mais-r-10-milhoes-em-recursos-para-reforcar-atendimento-de-pacientes-com-cancer-no-icc-em-fortaleza","status":"publish","type":"post","link":"https:\/\/blogdorogeriogomes.com.br\/noticias\/2023\/07\/governo-do-ceara-anuncia-mais-r-10-milhoes-em-recursos-para-reforcar-atendimento-de-pacientes-com-cancer-no-icc-em-fortaleza\/","title":{"rendered":"Governo do Cear\u00e1 anuncia mais R$ 10 milh\u00f5es em recursos para refor\u00e7ar atendimento de pacientes com c\u00e2ncer no ICC em Fortaleza"},"content":{"rendered":"\n<p>O Governo do Cear\u00e1 anunciou nesta ter\u00e7a-feira, dia 18 de julho, investimento de cerca de R$ 22 milh\u00f5es para o tratamento de pacientes com c\u00e2ncer. Uma das medidas anunciadas pelo governador Elmano de Freitas, ao lado da secret\u00e1ria da Sa\u00fade, T\u00e2nia Mara Coelho, foi a assinatura de conv\u00eanio que permitir\u00e1 o repasse de R$ 10 milh\u00f5es para o Instituto do C\u00e2ncer do Cear\u00e1 (ICC), possibilitando a realiza\u00e7\u00e3o de 2.500 atendimentos, entre consultas, exames e tratamentos.<\/p>\n\n\n\n<p>\u201cRealizaremos esse conv\u00eanio de R$ 10 milh\u00f5es com o ICC para que possamos atender cearenses que sofrem com o c\u00e2ncer. Al\u00e9m disso, vamos abrir edital para que outras prestadoras possam ampliar os servi\u00e7os \u00e0 popula\u00e7\u00e3o cearense, com investimento de mais R$ 12 milh\u00f5es. Portanto, s\u00e3o R$ 22 milh\u00f5es\u201d, disse o governador, agradecendo \u00e0 bancada federal pelo apoio que permitiu o investimento.<\/p>\n\n\n\n<p>Em maio, o Minist\u00e9rio da Sa\u00fade anunciou a destina\u00e7\u00e3o de R$ 136 milh\u00f5es ao Hospital Regional do Vale do Jaguaribe, dos quais cerca de R$ 60 milh\u00f5es s\u00e3o para abrir o servi\u00e7o de atendimento a pacientes com c\u00e2ncer. A estrutura\u00e7\u00e3o da unidade nesse setor est\u00e1 em andamento, com previs\u00e3o de abertura do servi\u00e7o ainda para o segundo semestre deste ano.<\/p>\n\n\n\n<figure class=\"wp-block-image size-full\"><img loading=\"lazy\" decoding=\"async\" width=\"600\" height=\"400\" src=\"https:\/\/blogdorogeriogomes.com.br\/wp-content\/uploads\/2023\/07\/haroldo-juacaba-sobre-1.png\" alt=\"\" class=\"wp-image-29842\" srcset=\"https:\/\/blogdorogeriogomes.com.br\/noticias\/wp-content\/uploads\/2023\/07\/haroldo-juacaba-sobre-1.png 600w, https:\/\/blogdorogeriogomes.com.br\/noticias\/wp-content\/uploads\/2023\/07\/haroldo-juacaba-sobre-1-300x200.png 300w\" sizes=\"auto, (max-width: 600px) 100vw, 600px\" \/><\/figure>\n","protected":false},"excerpt":{"rendered":"<p>O Governo do Cear\u00e1 anunciou nesta ter\u00e7a-feira, dia 18 de julho, investimento de cerca de R$ 22 milh\u00f5es para o tratamento de pacientes com c\u00e2ncer. Uma das medidas anunciadas pelo governador Elmano de Freitas, ao lado da secret\u00e1ria da Sa\u00fade, T\u00e2nia Mara Coelho, foi a assinatura de conv\u00eanio que permitir\u00e1 o repasse de R$ 10 milh\u00f5es para o Instituto do C\u00e2ncer do Cear\u00e1 (ICC), possibilitando a realiza\u00e7\u00e3o de 2.500 atendimentos, entre consultas, exames e tratamentos. \u201cRealizaremos esse conv\u00eanio de&hellip;<\/p>\n","protected":false},"author":1,"featured_media":0,"comment_status":"open","ping_status":"open","sticky":false,"template":"","format":"standard","meta":{"footnotes":""},"categories":[1],"tags":[],"class_list":["post-29841","post","type-post","status-publish","format-standard","hentry","category-noticias"],"_links":{"self":[{"href":"https:\/\/blogdorogeriogomes.com.br\/noticias\/wp-json\/wp\/v2\/posts\/29841","targetHints":{"allow":["GET"]}}],"collection":[{"href":"https:\/\/blogdorogeriogomes.com.br\/noticias\/wp-json\/wp\/v2\/posts"}],"about":[{"href":"https:\/\/blogdorogeriogomes.com.br\/noticias\/wp-json\/wp\/v2\/types\/post"}],"author":[{"embeddable":true,"href":"https:\/\/blogdorogeriogomes.com.br\/noticias\/wp-json\/wp\/v2\/users\/1"}],"replies":[{"embeddable":true,"href":"https:\/\/blogdorogeriogomes.com.br\/noticias\/wp-json\/wp\/v2\/comments?post=29841"}],"version-history":[{"count":1,"href":"https:\/\/blogdorogeriogomes.com.br\/noticias\/wp-json\/wp\/v2\/posts\/29841\/revisions"}],"predecessor-version":[{"id":29843,"href":"https:\/\/blogdorogeriogomes.com.br\/noticias\/wp-json\/wp\/v2\/posts\/29841\/revisions\/29843"}],"wp:attachment":[{"href":"https:\/\/blogdorogeriogomes.com.br\/noticias\/wp-json\/wp\/v2\/media?parent=29841"}],"wp:term":[{"taxonomy":"category","embeddable":true,"href":"https:\/\/blogdorogeriogomes.com.br\/noticias\/wp-json\/wp\/v2\/categories?post=29841"},{"taxonomy":"post_tag","embeddable":true,"href":"https:\/\/blogdorogeriogomes.com.br\/noticias\/wp-json\/wp\/v2\/tags?post=29841"}],"curies":[{"name":"wp","href":"https:\/\/api.w.org\/{rel}","templated":true}]}}