{"id":29845,"date":"2023-07-19T11:20:49","date_gmt":"2023-07-19T11:20:49","guid":{"rendered":"https:\/\/blogdorogeriogomes.com.br\/?p=29845"},"modified":"2023-07-19T11:20:50","modified_gmt":"2023-07-19T11:20:50","slug":"lula-faz-balanco-positivo-da-viagem-a-belgica-e-aposto-em-acordo-comercial-entre-mercosul-e-uniao-europeia","status":"publish","type":"post","link":"https:\/\/blogdorogeriogomes.com.br\/noticias\/2023\/07\/lula-faz-balanco-positivo-da-viagem-a-belgica-e-aposto-em-acordo-comercial-entre-mercosul-e-uniao-europeia\/","title":{"rendered":"Lula faz balan\u00e7o positivo da viagem a B\u00e9lgica e aposto em acordo comercial entre Mercosul e Uni\u00e3o Europeia"},"content":{"rendered":"\n<p>O presidente Lula (PT) fez um balan\u00e7o das negocia\u00e7\u00f5es entre o Mercosul e Uni\u00e3o Europeia em coletiva de imprensa em Bruxelas, B\u00e9lgica.<\/p>\n\n\n\n<p>Segundo ele, &#8220;das reuni\u00f5es que participei com a Uni\u00e3o Europeia, essa foi uma das mais exitosas. Fazia oitos anos que a C\u00fapula Celac &#8211; UE n\u00e3o se reuniam. Mostrou o interesse pol\u00edtico e econ\u00f4mico da Uni\u00e3o Europeia na Am\u00e9rica Latina, com investimentos de 45 bilh\u00f5es de euros&#8221;. Lula diz que vai apresentar, em agosto, um projeto de transi\u00e7\u00e3o energ\u00e9tica e transi\u00e7\u00e3o ecol\u00f3gica, para dar a contribui\u00e7\u00e3o brasileira na preserva\u00e7\u00e3o do planeta.<\/p>\n\n\n\n<p>O Brasil teve 10 reuni\u00f5es bilaterais com outros pa\u00edses. De acordo com Lula, &#8220;a riqueza da negocia\u00e7\u00e3o entre os pa\u00edses da Am\u00e9rica Latina e da Europa \u00e9 que algu\u00e9m tem que ceder em algum ponto. Definitivamente a UE est\u00e1 interessada, de verdade, em investir na Am\u00e9rica Latina. Primeiro, pela quest\u00e3o do clima, segundo pela quest\u00e3o energ\u00e9tica. A parte do mundo que pode produzir o hidrog\u00eanio verde somos n\u00f3s&#8221;.<\/p>\n\n\n\n<p>A Am\u00e9rica Latina \u00e9 um mercado muito importante para a Uni\u00e3o Europeia. &#8220;Estou otimista para a conclus\u00e3o do acordo entre Mercosul &#8211; UE ainda este ano. Pouca gente no mundo pode falar de quest\u00e3o de preserva\u00e7\u00e3o ambiental e energia limpa como n\u00f3s. N\u00f3s temos um compromisso hist\u00f3rico e que n\u00e3o depende de acordo com outros pa\u00edses. Nosso compromisso \u00e9 acabar com o desmatamento na Amaz\u00f4nia at\u00e9 2030&#8221;, finalizou o petista.<\/p>\n\n\n\n<p>Sobre a Venezuela, Lula defendeu que o Pa\u00eds tenha elei\u00e7\u00f5es livres e o povo venezuelano possa tra\u00e7ar o seu destino. <\/p>\n\n\n\n<p>No retorno ao Brasil, Lula deve tratar da amplia\u00e7\u00e3o do apoio do Governo Federal no Congresso Nacional atrav\u00e9s de mais espa\u00e7o para parlamentares do Centr\u00e3o na esfera de Governo. O presidente, no entanto, reafirmou que alguns minist\u00e9rios s\u00e3o inegoci\u00e1veis como s\u00e3o os casos da Sa\u00fade e do Combate \u00e0 Fome, que envolve o programa Bolsa Fam\u00edlia.<\/p>\n\n\n\n<figure class=\"wp-block-image size-full\"><img loading=\"lazy\" decoding=\"async\" width=\"1024\" height=\"682\" src=\"https:\/\/blogdorogeriogomes.com.br\/wp-content\/uploads\/2023\/07\/IMG-20230719-WA0015.jpg\" alt=\"\" class=\"wp-image-29846\" srcset=\"https:\/\/blogdorogeriogomes.com.br\/noticias\/wp-content\/uploads\/2023\/07\/IMG-20230719-WA0015.jpg 1024w, https:\/\/blogdorogeriogomes.com.br\/noticias\/wp-content\/uploads\/2023\/07\/IMG-20230719-WA0015-300x200.jpg 300w, https:\/\/blogdorogeriogomes.com.br\/noticias\/wp-content\/uploads\/2023\/07\/IMG-20230719-WA0015-768x512.jpg 768w, https:\/\/blogdorogeriogomes.com.br\/noticias\/wp-content\/uploads\/2023\/07\/IMG-20230719-WA0015-800x533.jpg 800w\" sizes=\"auto, (max-width: 1024px) 100vw, 1024px\" \/><\/figure>\n","protected":false},"excerpt":{"rendered":"<p>O presidente Lula (PT) fez um balan\u00e7o das negocia\u00e7\u00f5es entre o Mercosul e Uni\u00e3o Europeia em coletiva de imprensa em Bruxelas, B\u00e9lgica. Segundo ele, &#8220;das reuni\u00f5es que participei com a Uni\u00e3o Europeia, essa foi uma das mais exitosas. Fazia oitos anos que a C\u00fapula Celac &#8211; UE n\u00e3o se reuniam. Mostrou o interesse pol\u00edtico e econ\u00f4mico da Uni\u00e3o Europeia na Am\u00e9rica Latina, com investimentos de 45 bilh\u00f5es de euros&#8221;. Lula diz que vai apresentar, em agosto, um projeto de&hellip;<\/p>\n","protected":false},"author":1,"featured_media":0,"comment_status":"open","ping_status":"open","sticky":false,"template":"","format":"standard","meta":{"footnotes":""},"categories":[1],"tags":[],"class_list":["post-29845","post","type-post","status-publish","format-standard","hentry","category-noticias"],"_links":{"self":[{"href":"https:\/\/blogdorogeriogomes.com.br\/noticias\/wp-json\/wp\/v2\/posts\/29845","targetHints":{"allow":["GET"]}}],"collection":[{"href":"https:\/\/blogdorogeriogomes.com.br\/noticias\/wp-json\/wp\/v2\/posts"}],"about":[{"href":"https:\/\/blogdorogeriogomes.com.br\/noticias\/wp-json\/wp\/v2\/types\/post"}],"author":[{"embeddable":true,"href":"https:\/\/blogdorogeriogomes.com.br\/noticias\/wp-json\/wp\/v2\/users\/1"}],"replies":[{"embeddable":true,"href":"https:\/\/blogdorogeriogomes.com.br\/noticias\/wp-json\/wp\/v2\/comments?post=29845"}],"version-history":[{"count":1,"href":"https:\/\/blogdorogeriogomes.com.br\/noticias\/wp-json\/wp\/v2\/posts\/29845\/revisions"}],"predecessor-version":[{"id":29847,"href":"https:\/\/blogdorogeriogomes.com.br\/noticias\/wp-json\/wp\/v2\/posts\/29845\/revisions\/29847"}],"wp:attachment":[{"href":"https:\/\/blogdorogeriogomes.com.br\/noticias\/wp-json\/wp\/v2\/media?parent=29845"}],"wp:term":[{"taxonomy":"category","embeddable":true,"href":"https:\/\/blogdorogeriogomes.com.br\/noticias\/wp-json\/wp\/v2\/categories?post=29845"},{"taxonomy":"post_tag","embeddable":true,"href":"https:\/\/blogdorogeriogomes.com.br\/noticias\/wp-json\/wp\/v2\/tags?post=29845"}],"curies":[{"name":"wp","href":"https:\/\/api.w.org\/{rel}","templated":true}]}}