{"id":29848,"date":"2023-07-19T11:39:51","date_gmt":"2023-07-19T11:39:51","guid":{"rendered":"https:\/\/blogdorogeriogomes.com.br\/?p=29848"},"modified":"2023-07-19T11:39:52","modified_gmt":"2023-07-19T11:39:52","slug":"luizianne-lins-se-encontra-com-lula-em-bruxelas-e-continua-alimentando-o-desejo-de-concorrer-em-fortaleza","status":"publish","type":"post","link":"https:\/\/blogdorogeriogomes.com.br\/noticias\/2023\/07\/luizianne-lins-se-encontra-com-lula-em-bruxelas-e-continua-alimentando-o-desejo-de-concorrer-em-fortaleza\/","title":{"rendered":"Luizianne Lins se encontra com Lula em Bruxelas e continua alimentando o desejo de concorrer em Fortaleza"},"content":{"rendered":"\n<p>A ex-prefeita de Fortaleza e hoje deputada federal Luizianne Lins (PT) esteve em Bruxelas, onde encontrou com o presidente Lula na c\u00fapula de pa\u00edses da Comunidade de Estados Latino-Americanos e Caribenhos (Celac) e da Uni\u00e3o Europ\u00e9ia (UE).<\/p>\n\n\n\n<p>No atual cen\u00e1rio pol\u00edtico da Capital, Luizianne Lins ainda alimenta o desejo de concorrer \u00e0 Prefeitura de Fortaleza em 2024 pelo PT. E, claro, gostaria de ter o apoio de Lula. Luizianne se elegeu em 2004 e 2008. No entanto, nas elei\u00e7\u00f5es de 2016 e 2020, ficou apenas na terceira coloca\u00e7\u00e3o das duas disputas.<\/p>\n\n\n\n<figure class=\"wp-block-image size-full\"><img loading=\"lazy\" decoding=\"async\" width=\"768\" height=\"768\" src=\"https:\/\/blogdorogeriogomes.com.br\/wp-content\/uploads\/2023\/07\/IMG-20230719-WA0019.jpg\" alt=\"\" class=\"wp-image-29849\" srcset=\"https:\/\/blogdorogeriogomes.com.br\/noticias\/wp-content\/uploads\/2023\/07\/IMG-20230719-WA0019.jpg 768w, https:\/\/blogdorogeriogomes.com.br\/noticias\/wp-content\/uploads\/2023\/07\/IMG-20230719-WA0019-300x300.jpg 300w, https:\/\/blogdorogeriogomes.com.br\/noticias\/wp-content\/uploads\/2023\/07\/IMG-20230719-WA0019-150x150.jpg 150w, https:\/\/blogdorogeriogomes.com.br\/noticias\/wp-content\/uploads\/2023\/07\/IMG-20230719-WA0019-250x250.jpg 250w\" sizes=\"auto, (max-width: 768px) 100vw, 768px\" \/><\/figure>\n\n\n\n<p><\/p>\n","protected":false},"excerpt":{"rendered":"<p>A ex-prefeita de Fortaleza e hoje deputada federal Luizianne Lins (PT) esteve em Bruxelas, onde encontrou com o presidente Lula na c\u00fapula de pa\u00edses da Comunidade de Estados Latino-Americanos e Caribenhos (Celac) e da Uni\u00e3o Europ\u00e9ia (UE). No atual cen\u00e1rio pol\u00edtico da Capital, Luizianne Lins ainda alimenta o desejo de concorrer \u00e0 Prefeitura de Fortaleza em 2024 pelo PT. E, claro, gostaria de ter o apoio de Lula. Luizianne se elegeu em 2004 e 2008. No entanto, nas elei\u00e7\u00f5es&hellip;<\/p>\n","protected":false},"author":1,"featured_media":0,"comment_status":"open","ping_status":"open","sticky":false,"template":"","format":"standard","meta":{"footnotes":""},"categories":[1],"tags":[],"class_list":["post-29848","post","type-post","status-publish","format-standard","hentry","category-noticias"],"_links":{"self":[{"href":"https:\/\/blogdorogeriogomes.com.br\/noticias\/wp-json\/wp\/v2\/posts\/29848","targetHints":{"allow":["GET"]}}],"collection":[{"href":"https:\/\/blogdorogeriogomes.com.br\/noticias\/wp-json\/wp\/v2\/posts"}],"about":[{"href":"https:\/\/blogdorogeriogomes.com.br\/noticias\/wp-json\/wp\/v2\/types\/post"}],"author":[{"embeddable":true,"href":"https:\/\/blogdorogeriogomes.com.br\/noticias\/wp-json\/wp\/v2\/users\/1"}],"replies":[{"embeddable":true,"href":"https:\/\/blogdorogeriogomes.com.br\/noticias\/wp-json\/wp\/v2\/comments?post=29848"}],"version-history":[{"count":1,"href":"https:\/\/blogdorogeriogomes.com.br\/noticias\/wp-json\/wp\/v2\/posts\/29848\/revisions"}],"predecessor-version":[{"id":29850,"href":"https:\/\/blogdorogeriogomes.com.br\/noticias\/wp-json\/wp\/v2\/posts\/29848\/revisions\/29850"}],"wp:attachment":[{"href":"https:\/\/blogdorogeriogomes.com.br\/noticias\/wp-json\/wp\/v2\/media?parent=29848"}],"wp:term":[{"taxonomy":"category","embeddable":true,"href":"https:\/\/blogdorogeriogomes.com.br\/noticias\/wp-json\/wp\/v2\/categories?post=29848"},{"taxonomy":"post_tag","embeddable":true,"href":"https:\/\/blogdorogeriogomes.com.br\/noticias\/wp-json\/wp\/v2\/tags?post=29848"}],"curies":[{"name":"wp","href":"https:\/\/api.w.org\/{rel}","templated":true}]}}