{"id":29851,"date":"2023-07-19T11:47:18","date_gmt":"2023-07-19T11:47:18","guid":{"rendered":"https:\/\/blogdorogeriogomes.com.br\/?p=29851"},"modified":"2023-07-19T11:47:18","modified_gmt":"2023-07-19T11:47:18","slug":"igor-leitao-assume-colegio-recursal-do-procon-fortaleza","status":"publish","type":"post","link":"https:\/\/blogdorogeriogomes.com.br\/noticias\/2023\/07\/igor-leitao-assume-colegio-recursal-do-procon-fortaleza\/","title":{"rendered":"Igor Leit\u00e3o assume Col\u00e9gio Recursal do Procon Fortaleza"},"content":{"rendered":"\n<p>O advogado Igor Leit\u00e3o Chaves Cruz foi empossado nesta ter\u00e7a-feira, dia 18 de julho, como presidente do Col\u00e9gio Recursal do Procon Fortaleza, ap\u00f3s ser eleito por unanimidade. A partir de agora, ele ter\u00e1 a responsabilidade de gerir os processos que v\u00e3o tramitar no segundo grau do \u00f3rg\u00e3o.<\/p>\n\n\n\n<figure class=\"wp-block-image size-large\"><img loading=\"lazy\" decoding=\"async\" width=\"774\" height=\"1024\" src=\"https:\/\/blogdorogeriogomes.com.br\/wp-content\/uploads\/2023\/07\/IMG-20230718-WA0086-774x1024.jpg\" alt=\"\" class=\"wp-image-29852\" srcset=\"https:\/\/blogdorogeriogomes.com.br\/noticias\/wp-content\/uploads\/2023\/07\/IMG-20230718-WA0086-774x1024.jpg 774w, https:\/\/blogdorogeriogomes.com.br\/noticias\/wp-content\/uploads\/2023\/07\/IMG-20230718-WA0086-227x300.jpg 227w, https:\/\/blogdorogeriogomes.com.br\/noticias\/wp-content\/uploads\/2023\/07\/IMG-20230718-WA0086-768x1016.jpg 768w, https:\/\/blogdorogeriogomes.com.br\/noticias\/wp-content\/uploads\/2023\/07\/IMG-20230718-WA0086-800x1059.jpg 800w, https:\/\/blogdorogeriogomes.com.br\/noticias\/wp-content\/uploads\/2023\/07\/IMG-20230718-WA0086.jpg 952w\" sizes=\"auto, (max-width: 774px) 100vw, 774px\" \/><\/figure>\n","protected":false},"excerpt":{"rendered":"<p>O advogado Igor Leit\u00e3o Chaves Cruz foi empossado nesta ter\u00e7a-feira, dia 18 de julho, como presidente do Col\u00e9gio Recursal do Procon Fortaleza, ap\u00f3s ser eleito por unanimidade. A partir de agora, ele ter\u00e1 a responsabilidade de gerir os processos que v\u00e3o tramitar no segundo grau do \u00f3rg\u00e3o.<\/p>\n","protected":false},"author":1,"featured_media":0,"comment_status":"open","ping_status":"open","sticky":false,"template":"","format":"standard","meta":{"footnotes":""},"categories":[1],"tags":[],"class_list":["post-29851","post","type-post","status-publish","format-standard","hentry","category-noticias"],"_links":{"self":[{"href":"https:\/\/blogdorogeriogomes.com.br\/noticias\/wp-json\/wp\/v2\/posts\/29851","targetHints":{"allow":["GET"]}}],"collection":[{"href":"https:\/\/blogdorogeriogomes.com.br\/noticias\/wp-json\/wp\/v2\/posts"}],"about":[{"href":"https:\/\/blogdorogeriogomes.com.br\/noticias\/wp-json\/wp\/v2\/types\/post"}],"author":[{"embeddable":true,"href":"https:\/\/blogdorogeriogomes.com.br\/noticias\/wp-json\/wp\/v2\/users\/1"}],"replies":[{"embeddable":true,"href":"https:\/\/blogdorogeriogomes.com.br\/noticias\/wp-json\/wp\/v2\/comments?post=29851"}],"version-history":[{"count":1,"href":"https:\/\/blogdorogeriogomes.com.br\/noticias\/wp-json\/wp\/v2\/posts\/29851\/revisions"}],"predecessor-version":[{"id":29853,"href":"https:\/\/blogdorogeriogomes.com.br\/noticias\/wp-json\/wp\/v2\/posts\/29851\/revisions\/29853"}],"wp:attachment":[{"href":"https:\/\/blogdorogeriogomes.com.br\/noticias\/wp-json\/wp\/v2\/media?parent=29851"}],"wp:term":[{"taxonomy":"category","embeddable":true,"href":"https:\/\/blogdorogeriogomes.com.br\/noticias\/wp-json\/wp\/v2\/categories?post=29851"},{"taxonomy":"post_tag","embeddable":true,"href":"https:\/\/blogdorogeriogomes.com.br\/noticias\/wp-json\/wp\/v2\/tags?post=29851"}],"curies":[{"name":"wp","href":"https:\/\/api.w.org\/{rel}","templated":true}]}}