{"id":29854,"date":"2023-07-19T11:52:56","date_gmt":"2023-07-19T11:52:56","guid":{"rendered":"https:\/\/blogdorogeriogomes.com.br\/?p=29854"},"modified":"2023-07-19T11:52:57","modified_gmt":"2023-07-19T11:52:57","slug":"fida-e-bndes-lancam-edital-para-implantacao-do-projeto-sertao-sustentavel-em-quatro-estados-do-nordeste","status":"publish","type":"post","link":"https:\/\/blogdorogeriogomes.com.br\/noticias\/2023\/07\/fida-e-bndes-lancam-edital-para-implantacao-do-projeto-sertao-sustentavel-em-quatro-estados-do-nordeste\/","title":{"rendered":"Fida e BNDES lan\u00e7am edital para implanta\u00e7\u00e3o do projeto Sert\u00e3o Sustent\u00e1vel em quatro estados do Nordeste"},"content":{"rendered":"\n<p>Os governadores do Nordeste se reuniram em Bras\u00edlia, nesta ter\u00e7a-feira, dia 18 de julho. O encontro teve a presen\u00e7a do governador do Cear\u00e1, Elmano de Freitas (PT). No encontro, o Fundo Internacional de Desenvolvimento Agr\u00edcola (Fida) e o Banco Nacional de Desenvolvimento Econ\u00f4mico e Social (BNDES) lan\u00e7aram edital de sele\u00e7\u00e3o de quatro estados no nordeste brasileiro para a implementa\u00e7\u00e3o do projeto Sert\u00e3o Sustent\u00e1vel.<\/p>\n\n\n\n<p>O objetivo \u00e9 dar seguran\u00e7a alimentar para mais de 250 mil fam\u00edlias na regi\u00e3o, com a produ\u00e7\u00e3o agr\u00edcola, seguran\u00e7a h\u00eddrica e promovendo a conviv\u00eancia com o semi\u00e1rido. &#8220;Para tanto, defendi a elabora\u00e7\u00e3o de projetos econ\u00f4micos para elevar a renda dos pequenos produtores&#8221;, disse Elmano de Freitas.<\/p>\n\n\n\n<figure class=\"wp-block-image size-large\"><img loading=\"lazy\" decoding=\"async\" width=\"1024\" height=\"652\" src=\"https:\/\/blogdorogeriogomes.com.br\/wp-content\/uploads\/2023\/07\/IMG-20230719-WA0021-1024x652.jpg\" alt=\"\" class=\"wp-image-29855\" srcset=\"https:\/\/blogdorogeriogomes.com.br\/noticias\/wp-content\/uploads\/2023\/07\/IMG-20230719-WA0021-1024x652.jpg 1024w, https:\/\/blogdorogeriogomes.com.br\/noticias\/wp-content\/uploads\/2023\/07\/IMG-20230719-WA0021-300x191.jpg 300w, https:\/\/blogdorogeriogomes.com.br\/noticias\/wp-content\/uploads\/2023\/07\/IMG-20230719-WA0021-768x489.jpg 768w, https:\/\/blogdorogeriogomes.com.br\/noticias\/wp-content\/uploads\/2023\/07\/IMG-20230719-WA0021-800x510.jpg 800w, https:\/\/blogdorogeriogomes.com.br\/noticias\/wp-content\/uploads\/2023\/07\/IMG-20230719-WA0021.jpg 1080w\" sizes=\"auto, (max-width: 1024px) 100vw, 1024px\" \/><\/figure>\n","protected":false},"excerpt":{"rendered":"<p>Os governadores do Nordeste se reuniram em Bras\u00edlia, nesta ter\u00e7a-feira, dia 18 de julho. O encontro teve a presen\u00e7a do governador do Cear\u00e1, Elmano de Freitas (PT). No encontro, o Fundo Internacional de Desenvolvimento Agr\u00edcola (Fida) e o Banco Nacional de Desenvolvimento Econ\u00f4mico e Social (BNDES) lan\u00e7aram edital de sele\u00e7\u00e3o de quatro estados no nordeste brasileiro para a implementa\u00e7\u00e3o do projeto Sert\u00e3o Sustent\u00e1vel. O objetivo \u00e9 dar seguran\u00e7a alimentar para mais de 250 mil fam\u00edlias na regi\u00e3o, com a&hellip;<\/p>\n","protected":false},"author":1,"featured_media":0,"comment_status":"open","ping_status":"open","sticky":false,"template":"","format":"standard","meta":{"footnotes":""},"categories":[1],"tags":[],"class_list":["post-29854","post","type-post","status-publish","format-standard","hentry","category-noticias"],"_links":{"self":[{"href":"https:\/\/blogdorogeriogomes.com.br\/noticias\/wp-json\/wp\/v2\/posts\/29854","targetHints":{"allow":["GET"]}}],"collection":[{"href":"https:\/\/blogdorogeriogomes.com.br\/noticias\/wp-json\/wp\/v2\/posts"}],"about":[{"href":"https:\/\/blogdorogeriogomes.com.br\/noticias\/wp-json\/wp\/v2\/types\/post"}],"author":[{"embeddable":true,"href":"https:\/\/blogdorogeriogomes.com.br\/noticias\/wp-json\/wp\/v2\/users\/1"}],"replies":[{"embeddable":true,"href":"https:\/\/blogdorogeriogomes.com.br\/noticias\/wp-json\/wp\/v2\/comments?post=29854"}],"version-history":[{"count":1,"href":"https:\/\/blogdorogeriogomes.com.br\/noticias\/wp-json\/wp\/v2\/posts\/29854\/revisions"}],"predecessor-version":[{"id":29856,"href":"https:\/\/blogdorogeriogomes.com.br\/noticias\/wp-json\/wp\/v2\/posts\/29854\/revisions\/29856"}],"wp:attachment":[{"href":"https:\/\/blogdorogeriogomes.com.br\/noticias\/wp-json\/wp\/v2\/media?parent=29854"}],"wp:term":[{"taxonomy":"category","embeddable":true,"href":"https:\/\/blogdorogeriogomes.com.br\/noticias\/wp-json\/wp\/v2\/categories?post=29854"},{"taxonomy":"post_tag","embeddable":true,"href":"https:\/\/blogdorogeriogomes.com.br\/noticias\/wp-json\/wp\/v2\/tags?post=29854"}],"curies":[{"name":"wp","href":"https:\/\/api.w.org\/{rel}","templated":true}]}}