{"id":29857,"date":"2023-07-20T12:13:41","date_gmt":"2023-07-20T12:13:41","guid":{"rendered":"https:\/\/blogdorogeriogomes.com.br\/?p=29857"},"modified":"2023-07-20T12:13:42","modified_gmt":"2023-07-20T12:13:42","slug":"camilo-santana-e-homenageado-pelo-bnb-e-defende-ampliacao-de-financiamento-de-cursos-tecnicos-pelo-fies","status":"publish","type":"post","link":"https:\/\/blogdorogeriogomes.com.br\/noticias\/2023\/07\/camilo-santana-e-homenageado-pelo-bnb-e-defende-ampliacao-de-financiamento-de-cursos-tecnicos-pelo-fies\/","title":{"rendered":"Camilo Santana \u00e9 homenageado pelo BNB e defende amplia\u00e7\u00e3o de financiamento de cursos t\u00e9cnicos pelo Fies"},"content":{"rendered":"\n<p>O ministro da Educa\u00e7\u00e3o, Camilo Santana, recebeu a comenda Banco do Nordeste de Desenvolvimento, na categoria Pol\u00edtico-Institucional, em celebra\u00e7\u00e3o aos 71 anos de atua\u00e7\u00e3o do Banco do Nordeste. O evento em Fortaleza foi prestigiado pelo governador Elmano de Freitas e pelo presidente da Assembleia Legislativa do Cear\u00e1, Evandro Leit\u00e3o.<\/p>\n\n\n\n<p>A comenda foi entregue pelo presidente do Banco do Nordeste, Paulo C\u00e2mara. &#8220;Parabenizo tamb\u00e9m os demais homenageados o professor Jorge Jatob\u00e1 e a empres\u00e1ria Maria Aparecida Damacena Aguilar&#8221;, disse o governador Elmano de Freitas.<\/p>\n\n\n\n<p>Camilo Santana disse que estuda um novo projeto para ampliar o custeio de cursos t\u00e9cnicos pelo Fundo de Financiamento ao Estudante do Ensino Superior (Fies). O projeto vem sendo amplamente discutido com o\u00a0presidente\u00a0Lula (PT).<\/p>\n\n\n\n<figure class=\"wp-block-image size-large\"><img loading=\"lazy\" decoding=\"async\" width=\"1024\" height=\"1024\" src=\"https:\/\/blogdorogeriogomes.com.br\/wp-content\/uploads\/2023\/07\/IMG-20230720-WA0046-1024x1024.jpg\" alt=\"\" class=\"wp-image-29858\" srcset=\"https:\/\/blogdorogeriogomes.com.br\/noticias\/wp-content\/uploads\/2023\/07\/IMG-20230720-WA0046-1024x1024.jpg 1024w, https:\/\/blogdorogeriogomes.com.br\/noticias\/wp-content\/uploads\/2023\/07\/IMG-20230720-WA0046-300x300.jpg 300w, https:\/\/blogdorogeriogomes.com.br\/noticias\/wp-content\/uploads\/2023\/07\/IMG-20230720-WA0046-150x150.jpg 150w, https:\/\/blogdorogeriogomes.com.br\/noticias\/wp-content\/uploads\/2023\/07\/IMG-20230720-WA0046-768x768.jpg 768w, https:\/\/blogdorogeriogomes.com.br\/noticias\/wp-content\/uploads\/2023\/07\/IMG-20230720-WA0046-800x800.jpg 800w, https:\/\/blogdorogeriogomes.com.br\/noticias\/wp-content\/uploads\/2023\/07\/IMG-20230720-WA0046-250x250.jpg 250w, https:\/\/blogdorogeriogomes.com.br\/noticias\/wp-content\/uploads\/2023\/07\/IMG-20230720-WA0046.jpg 1080w\" sizes=\"auto, (max-width: 1024px) 100vw, 1024px\" \/><\/figure>\n","protected":false},"excerpt":{"rendered":"<p>O ministro da Educa\u00e7\u00e3o, Camilo Santana, recebeu a comenda Banco do Nordeste de Desenvolvimento, na categoria Pol\u00edtico-Institucional, em celebra\u00e7\u00e3o aos 71 anos de atua\u00e7\u00e3o do Banco do Nordeste. O evento em Fortaleza foi prestigiado pelo governador Elmano de Freitas e pelo presidente da Assembleia Legislativa do Cear\u00e1, Evandro Leit\u00e3o. A comenda foi entregue pelo presidente do Banco do Nordeste, Paulo C\u00e2mara. &#8220;Parabenizo tamb\u00e9m os demais homenageados o professor Jorge Jatob\u00e1 e a empres\u00e1ria Maria Aparecida Damacena Aguilar&#8221;, disse o&hellip;<\/p>\n","protected":false},"author":1,"featured_media":0,"comment_status":"open","ping_status":"open","sticky":false,"template":"","format":"standard","meta":{"footnotes":""},"categories":[1],"tags":[],"class_list":["post-29857","post","type-post","status-publish","format-standard","hentry","category-noticias"],"_links":{"self":[{"href":"https:\/\/blogdorogeriogomes.com.br\/noticias\/wp-json\/wp\/v2\/posts\/29857","targetHints":{"allow":["GET"]}}],"collection":[{"href":"https:\/\/blogdorogeriogomes.com.br\/noticias\/wp-json\/wp\/v2\/posts"}],"about":[{"href":"https:\/\/blogdorogeriogomes.com.br\/noticias\/wp-json\/wp\/v2\/types\/post"}],"author":[{"embeddable":true,"href":"https:\/\/blogdorogeriogomes.com.br\/noticias\/wp-json\/wp\/v2\/users\/1"}],"replies":[{"embeddable":true,"href":"https:\/\/blogdorogeriogomes.com.br\/noticias\/wp-json\/wp\/v2\/comments?post=29857"}],"version-history":[{"count":1,"href":"https:\/\/blogdorogeriogomes.com.br\/noticias\/wp-json\/wp\/v2\/posts\/29857\/revisions"}],"predecessor-version":[{"id":29859,"href":"https:\/\/blogdorogeriogomes.com.br\/noticias\/wp-json\/wp\/v2\/posts\/29857\/revisions\/29859"}],"wp:attachment":[{"href":"https:\/\/blogdorogeriogomes.com.br\/noticias\/wp-json\/wp\/v2\/media?parent=29857"}],"wp:term":[{"taxonomy":"category","embeddable":true,"href":"https:\/\/blogdorogeriogomes.com.br\/noticias\/wp-json\/wp\/v2\/categories?post=29857"},{"taxonomy":"post_tag","embeddable":true,"href":"https:\/\/blogdorogeriogomes.com.br\/noticias\/wp-json\/wp\/v2\/tags?post=29857"}],"curies":[{"name":"wp","href":"https:\/\/api.w.org\/{rel}","templated":true}]}}