{"id":29860,"date":"2023-07-20T12:38:49","date_gmt":"2023-07-20T12:38:49","guid":{"rendered":"https:\/\/blogdorogeriogomes.com.br\/?p=29860"},"modified":"2023-07-20T12:38:51","modified_gmt":"2023-07-20T12:38:51","slug":"aliados-e-oposicao-ja-estao-de-olho-na-vaga-de-sergio-moro-no-senado-em-caso-de-cassacao","status":"publish","type":"post","link":"https:\/\/blogdorogeriogomes.com.br\/noticias\/2023\/07\/aliados-e-oposicao-ja-estao-de-olho-na-vaga-de-sergio-moro-no-senado-em-caso-de-cassacao\/","title":{"rendered":"Aliados e oposi\u00e7\u00e3o j\u00e1 est\u00e3o de olho na vaga de Sergio Moro no Senado em caso de cassa\u00e7\u00e3o"},"content":{"rendered":"\n<p>O senador Sergio Moro vive a amea\u00e7a de ter o mandato cassado sob a suspeita de abuso financeiro na campanha eleitoral. Ap\u00f3s o ex-juiz e ex-ministro da Justi\u00e7a ter visto seu sonho de disputar a presid\u00eancia da Rep\u00fablica ser frustrado, ele optou por concorrer ao Senado pelo estado do Paran\u00e1.\u00a0Mas os advers\u00e1rios alegam que Moro se beneficiou do fundo eleitoral para uma campanha antecipada para a Presid\u00eancia, quando na verdade concorreu ao Senado. Ele ter\u00e1 o caso analisado pelo Tribunal Regional Eleitoral do Paran\u00e1 e tamb\u00e9m tem questionamentos no STF.<\/p>\n\n\n\n<p>Enquanto isso, aliados e oposi\u00e7\u00e3o est\u00e3o de olho na vaga de Moro no Senado. O Partido dos Trabalhadores (PT) e o Partido Liberal (PL), de Jair Bolsonaro, apresentaram a\u00e7\u00f5es questionando a candidatura de Moro. Se o ex-juiz da Lava Jato perder o mandato, haver\u00e1 uma elei\u00e7\u00e3o suplementar para o Senado no Paran\u00e1.<\/p>\n\n\n\n<p>No PT, tr\u00eas nomes se destacam como poss\u00edveis candidatos \u00e0 vaga do ex-juiz: Roberto Requi\u00e3o, Zeca Dirceu e Gleisi Hoffmann. Enquanto isso, entre os aliados de Jair Bolsonaro, Ricardo Barros (PP) e Paulo Martins (PL) se colocaram \u00e0 disposi\u00e7\u00e3o para disputar a cadeira.<\/p>\n\n\n\n<figure class=\"wp-block-image size-full\"><img loading=\"lazy\" decoding=\"async\" width=\"680\" height=\"453\" src=\"https:\/\/blogdorogeriogomes.com.br\/wp-content\/uploads\/2023\/07\/SERGIO-MORO-CADEIRAS-SENADO-2023-02.jpg.jpg\" alt=\"\" class=\"wp-image-29861\" srcset=\"https:\/\/blogdorogeriogomes.com.br\/noticias\/wp-content\/uploads\/2023\/07\/SERGIO-MORO-CADEIRAS-SENADO-2023-02.jpg.jpg 680w, https:\/\/blogdorogeriogomes.com.br\/noticias\/wp-content\/uploads\/2023\/07\/SERGIO-MORO-CADEIRAS-SENADO-2023-02.jpg-300x200.jpg 300w\" sizes=\"auto, (max-width: 680px) 100vw, 680px\" \/><\/figure>\n","protected":false},"excerpt":{"rendered":"<p>O senador Sergio Moro vive a amea\u00e7a de ter o mandato cassado sob a suspeita de abuso financeiro na campanha eleitoral. Ap\u00f3s o ex-juiz e ex-ministro da Justi\u00e7a ter visto seu sonho de disputar a presid\u00eancia da Rep\u00fablica ser frustrado, ele optou por concorrer ao Senado pelo estado do Paran\u00e1.\u00a0Mas os advers\u00e1rios alegam que Moro se beneficiou do fundo eleitoral para uma campanha antecipada para a Presid\u00eancia, quando na verdade concorreu ao Senado. Ele ter\u00e1 o caso analisado pelo&hellip;<\/p>\n","protected":false},"author":1,"featured_media":0,"comment_status":"open","ping_status":"open","sticky":false,"template":"","format":"standard","meta":{"footnotes":""},"categories":[1],"tags":[],"class_list":["post-29860","post","type-post","status-publish","format-standard","hentry","category-noticias"],"_links":{"self":[{"href":"https:\/\/blogdorogeriogomes.com.br\/noticias\/wp-json\/wp\/v2\/posts\/29860","targetHints":{"allow":["GET"]}}],"collection":[{"href":"https:\/\/blogdorogeriogomes.com.br\/noticias\/wp-json\/wp\/v2\/posts"}],"about":[{"href":"https:\/\/blogdorogeriogomes.com.br\/noticias\/wp-json\/wp\/v2\/types\/post"}],"author":[{"embeddable":true,"href":"https:\/\/blogdorogeriogomes.com.br\/noticias\/wp-json\/wp\/v2\/users\/1"}],"replies":[{"embeddable":true,"href":"https:\/\/blogdorogeriogomes.com.br\/noticias\/wp-json\/wp\/v2\/comments?post=29860"}],"version-history":[{"count":1,"href":"https:\/\/blogdorogeriogomes.com.br\/noticias\/wp-json\/wp\/v2\/posts\/29860\/revisions"}],"predecessor-version":[{"id":29862,"href":"https:\/\/blogdorogeriogomes.com.br\/noticias\/wp-json\/wp\/v2\/posts\/29860\/revisions\/29862"}],"wp:attachment":[{"href":"https:\/\/blogdorogeriogomes.com.br\/noticias\/wp-json\/wp\/v2\/media?parent=29860"}],"wp:term":[{"taxonomy":"category","embeddable":true,"href":"https:\/\/blogdorogeriogomes.com.br\/noticias\/wp-json\/wp\/v2\/categories?post=29860"},{"taxonomy":"post_tag","embeddable":true,"href":"https:\/\/blogdorogeriogomes.com.br\/noticias\/wp-json\/wp\/v2\/tags?post=29860"}],"curies":[{"name":"wp","href":"https:\/\/api.w.org\/{rel}","templated":true}]}}