{"id":29869,"date":"2023-07-21T12:11:47","date_gmt":"2023-07-21T12:11:47","guid":{"rendered":"https:\/\/blogdorogeriogomes.com.br\/?p=29869"},"modified":"2023-07-21T12:11:48","modified_gmt":"2023-07-21T12:11:48","slug":"governo-federal-define-novo-criterio-para-acesso-a-armas-de-fogo-no-pais","status":"publish","type":"post","link":"https:\/\/blogdorogeriogomes.com.br\/noticias\/2023\/07\/governo-federal-define-novo-criterio-para-acesso-a-armas-de-fogo-no-pais\/","title":{"rendered":"Governo Federal define novo crit\u00e9rio para acesso a armas de fogo no Pa\u00eds"},"content":{"rendered":"\n<p>O presidente Lula\u00a0(PT) e o ministro da Justi\u00e7a e Seguran\u00e7a P\u00fablica, Fl\u00e1vio Dino, assinam nesta sexta-feira, dia 21 de julho, novas regras que apertam o controle sobre o uso de armas de fogo\u00a0por civis e de funcionamento de clubes de tiro no Pa\u00eds. Pelas novas normas, o n\u00famero de armas por pessoa deve cair de 60 para 16.<\/p>\n\n\n\n<p>Em rela\u00e7\u00e3o aos ca\u00e7adores, colecionadores e atiradores (CACs), o limite de armas de uso restrito era de 30. Agora, deve passar para quatro. O Governo Federal n\u00e3o deve obrigar a entrega das armas pelos CACs, mas induzir a devolu\u00e7\u00e3o, com recebimento de indeniza\u00e7\u00e3o pelo dono dos equipamentos. As novas regras revogam flexibiliza\u00e7\u00f5es que haviam avan\u00e7ado na gest\u00e3o Jair Bolsonaro (PL).<\/p>\n\n\n\n<figure class=\"wp-block-image size-full\"><img loading=\"lazy\" decoding=\"async\" width=\"678\" height=\"452\" src=\"https:\/\/blogdorogeriogomes.com.br\/wp-content\/uploads\/2023\/07\/images-6.jpeg\" alt=\"\" class=\"wp-image-29870\" srcset=\"https:\/\/blogdorogeriogomes.com.br\/noticias\/wp-content\/uploads\/2023\/07\/images-6.jpeg 678w, https:\/\/blogdorogeriogomes.com.br\/noticias\/wp-content\/uploads\/2023\/07\/images-6-300x200.jpeg 300w\" sizes=\"auto, (max-width: 678px) 100vw, 678px\" \/><\/figure>\n","protected":false},"excerpt":{"rendered":"<p>O presidente Lula\u00a0(PT) e o ministro da Justi\u00e7a e Seguran\u00e7a P\u00fablica, Fl\u00e1vio Dino, assinam nesta sexta-feira, dia 21 de julho, novas regras que apertam o controle sobre o uso de armas de fogo\u00a0por civis e de funcionamento de clubes de tiro no Pa\u00eds. Pelas novas normas, o n\u00famero de armas por pessoa deve cair de 60 para 16. Em rela\u00e7\u00e3o aos ca\u00e7adores, colecionadores e atiradores (CACs), o limite de armas de uso restrito era de 30. Agora, deve passar&hellip;<\/p>\n","protected":false},"author":1,"featured_media":0,"comment_status":"open","ping_status":"open","sticky":false,"template":"","format":"standard","meta":{"footnotes":""},"categories":[1],"tags":[],"class_list":["post-29869","post","type-post","status-publish","format-standard","hentry","category-noticias"],"_links":{"self":[{"href":"https:\/\/blogdorogeriogomes.com.br\/noticias\/wp-json\/wp\/v2\/posts\/29869","targetHints":{"allow":["GET"]}}],"collection":[{"href":"https:\/\/blogdorogeriogomes.com.br\/noticias\/wp-json\/wp\/v2\/posts"}],"about":[{"href":"https:\/\/blogdorogeriogomes.com.br\/noticias\/wp-json\/wp\/v2\/types\/post"}],"author":[{"embeddable":true,"href":"https:\/\/blogdorogeriogomes.com.br\/noticias\/wp-json\/wp\/v2\/users\/1"}],"replies":[{"embeddable":true,"href":"https:\/\/blogdorogeriogomes.com.br\/noticias\/wp-json\/wp\/v2\/comments?post=29869"}],"version-history":[{"count":1,"href":"https:\/\/blogdorogeriogomes.com.br\/noticias\/wp-json\/wp\/v2\/posts\/29869\/revisions"}],"predecessor-version":[{"id":29871,"href":"https:\/\/blogdorogeriogomes.com.br\/noticias\/wp-json\/wp\/v2\/posts\/29869\/revisions\/29871"}],"wp:attachment":[{"href":"https:\/\/blogdorogeriogomes.com.br\/noticias\/wp-json\/wp\/v2\/media?parent=29869"}],"wp:term":[{"taxonomy":"category","embeddable":true,"href":"https:\/\/blogdorogeriogomes.com.br\/noticias\/wp-json\/wp\/v2\/categories?post=29869"},{"taxonomy":"post_tag","embeddable":true,"href":"https:\/\/blogdorogeriogomes.com.br\/noticias\/wp-json\/wp\/v2\/tags?post=29869"}],"curies":[{"name":"wp","href":"https:\/\/api.w.org\/{rel}","templated":true}]}}