{"id":29875,"date":"2023-07-21T13:00:10","date_gmt":"2023-07-21T13:00:10","guid":{"rendered":"https:\/\/blogdorogeriogomes.com.br\/?p=29875"},"modified":"2023-07-21T13:00:11","modified_gmt":"2023-07-21T13:00:11","slug":"hospital-walter-cantidio-realiza-mutirao-contra-o-cancer-de-cabeca-e-pescoco-no-proximo-dia-31-de-julho","status":"publish","type":"post","link":"https:\/\/blogdorogeriogomes.com.br\/noticias\/2023\/07\/hospital-walter-cantidio-realiza-mutirao-contra-o-cancer-de-cabeca-e-pescoco-no-proximo-dia-31-de-julho\/","title":{"rendered":"Hospital Walter Cant\u00eddio realiza mutir\u00e3o contra o c\u00e2ncer de cabe\u00e7a e pesco\u00e7o no pr\u00f3ximo dia 31 de julho"},"content":{"rendered":"\n<p>O Servi\u00e7o de Cabe\u00e7a e Pesco\u00e7o do Hospital Universit\u00e1rio Walter Cant\u00eddio, da Universidade Federal do Cear\u00e1 e filiado \u00e0 Rede Ebserh, realiza, no pr\u00f3ximo dia 31 de julho, a partir das 7h30min, mutir\u00e3o de combate ao c\u00e2ncer de cabe\u00e7a e pesco\u00e7o com 150 atendimentos no estacionamento da Faculdade de Medicina da UFC (Pra\u00e7a das Mangueiras) \u2013 Rua Alexandre Bara\u00fana, 949, Rodolfo Te\u00f3filo.<\/p>\n\n\n\n<p>Se voc\u00ea apresenta n\u00f3dulos cervicais (caro\u00e7os no pesco\u00e7o), rouquid\u00e3o, dor ao engolir, sangramento ou algum desconforto, dor ou inflama\u00e7\u00e3o na cavidade oral ou nasal por mais de 15 dias, compare\u00e7a ao mutir\u00e3o.<\/p>\n\n\n\n<figure class=\"wp-block-image size-full\"><img loading=\"lazy\" decoding=\"async\" width=\"768\" height=\"510\" src=\"https:\/\/blogdorogeriogomes.com.br\/wp-content\/uploads\/2023\/07\/ce1e4a58-d4af-4836-bf6b-00f7f677d9c0.jpeg\" alt=\"\" class=\"wp-image-29876\" srcset=\"https:\/\/blogdorogeriogomes.com.br\/noticias\/wp-content\/uploads\/2023\/07\/ce1e4a58-d4af-4836-bf6b-00f7f677d9c0.jpeg 768w, https:\/\/blogdorogeriogomes.com.br\/noticias\/wp-content\/uploads\/2023\/07\/ce1e4a58-d4af-4836-bf6b-00f7f677d9c0-300x199.jpeg 300w\" sizes=\"auto, (max-width: 768px) 100vw, 768px\" \/><\/figure>\n","protected":false},"excerpt":{"rendered":"<p>O Servi\u00e7o de Cabe\u00e7a e Pesco\u00e7o do Hospital Universit\u00e1rio Walter Cant\u00eddio, da Universidade Federal do Cear\u00e1 e filiado \u00e0 Rede Ebserh, realiza, no pr\u00f3ximo dia 31 de julho, a partir das 7h30min, mutir\u00e3o de combate ao c\u00e2ncer de cabe\u00e7a e pesco\u00e7o com 150 atendimentos no estacionamento da Faculdade de Medicina da UFC (Pra\u00e7a das Mangueiras) \u2013 Rua Alexandre Bara\u00fana, 949, Rodolfo Te\u00f3filo. Se voc\u00ea apresenta n\u00f3dulos cervicais (caro\u00e7os no pesco\u00e7o), rouquid\u00e3o, dor ao engolir, sangramento ou algum desconforto, dor&hellip;<\/p>\n","protected":false},"author":1,"featured_media":0,"comment_status":"open","ping_status":"open","sticky":false,"template":"","format":"standard","meta":{"footnotes":""},"categories":[1],"tags":[],"class_list":["post-29875","post","type-post","status-publish","format-standard","hentry","category-noticias"],"_links":{"self":[{"href":"https:\/\/blogdorogeriogomes.com.br\/noticias\/wp-json\/wp\/v2\/posts\/29875","targetHints":{"allow":["GET"]}}],"collection":[{"href":"https:\/\/blogdorogeriogomes.com.br\/noticias\/wp-json\/wp\/v2\/posts"}],"about":[{"href":"https:\/\/blogdorogeriogomes.com.br\/noticias\/wp-json\/wp\/v2\/types\/post"}],"author":[{"embeddable":true,"href":"https:\/\/blogdorogeriogomes.com.br\/noticias\/wp-json\/wp\/v2\/users\/1"}],"replies":[{"embeddable":true,"href":"https:\/\/blogdorogeriogomes.com.br\/noticias\/wp-json\/wp\/v2\/comments?post=29875"}],"version-history":[{"count":1,"href":"https:\/\/blogdorogeriogomes.com.br\/noticias\/wp-json\/wp\/v2\/posts\/29875\/revisions"}],"predecessor-version":[{"id":29877,"href":"https:\/\/blogdorogeriogomes.com.br\/noticias\/wp-json\/wp\/v2\/posts\/29875\/revisions\/29877"}],"wp:attachment":[{"href":"https:\/\/blogdorogeriogomes.com.br\/noticias\/wp-json\/wp\/v2\/media?parent=29875"}],"wp:term":[{"taxonomy":"category","embeddable":true,"href":"https:\/\/blogdorogeriogomes.com.br\/noticias\/wp-json\/wp\/v2\/categories?post=29875"},{"taxonomy":"post_tag","embeddable":true,"href":"https:\/\/blogdorogeriogomes.com.br\/noticias\/wp-json\/wp\/v2\/tags?post=29875"}],"curies":[{"name":"wp","href":"https:\/\/api.w.org\/{rel}","templated":true}]}}