{"id":29884,"date":"2023-07-24T12:46:15","date_gmt":"2023-07-24T12:46:15","guid":{"rendered":"https:\/\/blogdorogeriogomes.com.br\/?p=29884"},"modified":"2023-07-24T12:46:17","modified_gmt":"2023-07-24T12:46:17","slug":"com-nova-prisao-policia-federal-avanca-na-investigacao-sobre-assassinato-de-marielle-franco","status":"publish","type":"post","link":"https:\/\/blogdorogeriogomes.com.br\/noticias\/2023\/07\/com-nova-prisao-policia-federal-avanca-na-investigacao-sobre-assassinato-de-marielle-franco\/","title":{"rendered":"Com nova pris\u00e3o, Pol\u00edcia Federal avan\u00e7a na investiga\u00e7\u00e3o sobre assassinato de Marielle Franco"},"content":{"rendered":"\n<p>Como prometido pelo ministro da Justi\u00e7a, Fl\u00e1vio Dino, a Pol\u00edcia Federal avan\u00e7a nas investiga\u00e7\u00f5es sobre o assassinato da vereadora Marielle Franco e o motorista Anderson Gomes no Rio de Janeiro. O crime teve repercuss\u00e3o internacional e envolve a a\u00e7\u00e3o de mil\u00edcias na capital carioca. O ex-PM \u00c9lcio de Queiroz firmou dela\u00e7\u00e3o premiada com a Pol\u00edcia Federal e com o Minist\u00e9rio P\u00fablico do Rio de Janeiro e deu detalhes do atentado contra a vereadora e o motorista.<\/p>\n\n\n\n<p>\u00c9lcio est\u00e1 preso desde 2019, ao lado do amigo, o ex-policial reformado Ronnie Lessa. Eles ser\u00e3o julgados pelo Tribunal do J\u00fari, mas a sess\u00e3o ainda n\u00e3o foi marcada.<\/p>\n\n\n\n<p>No depoimento j\u00e1 homologado pela Justi\u00e7a, \u00c9lcio confessou que dirigiu o Cobalt prata usado no ataque e afirmou que Ronnie de fato fez os disparos com uma submetralhadora contra Marielle. \u00c9lcio disse ainda que o ex-bombeiro Maxwell Sim\u00f5es Corr\u00eaa, o Suel, fez campanas para vigiar a vereadora e participaria da emboscada, mas acabou trocado por ele.<\/p>\n\n\n\n<p>Suel foi preso nesta segunda-feira, dia 24 de julho, na Opera\u00e7\u00e3o \u00c9lpis, primeira fase da investiga\u00e7\u00e3o que apura os homic\u00eddios de mar\u00e7o de 2018.<\/p>\n\n\n\n<figure class=\"wp-block-image size-full\"><img loading=\"lazy\" decoding=\"async\" width=\"984\" height=\"732\" src=\"https:\/\/blogdorogeriogomes.com.br\/wp-content\/uploads\/2023\/07\/policiais.jpg\" alt=\"\" class=\"wp-image-29885\" srcset=\"https:\/\/blogdorogeriogomes.com.br\/noticias\/wp-content\/uploads\/2023\/07\/policiais.jpg 984w, https:\/\/blogdorogeriogomes.com.br\/noticias\/wp-content\/uploads\/2023\/07\/policiais-300x223.jpg 300w, https:\/\/blogdorogeriogomes.com.br\/noticias\/wp-content\/uploads\/2023\/07\/policiais-768x571.jpg 768w, https:\/\/blogdorogeriogomes.com.br\/noticias\/wp-content\/uploads\/2023\/07\/policiais-800x595.jpg 800w\" sizes=\"auto, (max-width: 984px) 100vw, 984px\" \/><\/figure>\n","protected":false},"excerpt":{"rendered":"<p>Como prometido pelo ministro da Justi\u00e7a, Fl\u00e1vio Dino, a Pol\u00edcia Federal avan\u00e7a nas investiga\u00e7\u00f5es sobre o assassinato da vereadora Marielle Franco e o motorista Anderson Gomes no Rio de Janeiro. O crime teve repercuss\u00e3o internacional e envolve a a\u00e7\u00e3o de mil\u00edcias na capital carioca. O ex-PM \u00c9lcio de Queiroz firmou dela\u00e7\u00e3o premiada com a Pol\u00edcia Federal e com o Minist\u00e9rio P\u00fablico do Rio de Janeiro e deu detalhes do atentado contra a vereadora e o motorista. \u00c9lcio est\u00e1 preso&hellip;<\/p>\n","protected":false},"author":1,"featured_media":0,"comment_status":"open","ping_status":"open","sticky":false,"template":"","format":"standard","meta":{"footnotes":""},"categories":[1],"tags":[],"class_list":["post-29884","post","type-post","status-publish","format-standard","hentry","category-noticias"],"_links":{"self":[{"href":"https:\/\/blogdorogeriogomes.com.br\/noticias\/wp-json\/wp\/v2\/posts\/29884","targetHints":{"allow":["GET"]}}],"collection":[{"href":"https:\/\/blogdorogeriogomes.com.br\/noticias\/wp-json\/wp\/v2\/posts"}],"about":[{"href":"https:\/\/blogdorogeriogomes.com.br\/noticias\/wp-json\/wp\/v2\/types\/post"}],"author":[{"embeddable":true,"href":"https:\/\/blogdorogeriogomes.com.br\/noticias\/wp-json\/wp\/v2\/users\/1"}],"replies":[{"embeddable":true,"href":"https:\/\/blogdorogeriogomes.com.br\/noticias\/wp-json\/wp\/v2\/comments?post=29884"}],"version-history":[{"count":1,"href":"https:\/\/blogdorogeriogomes.com.br\/noticias\/wp-json\/wp\/v2\/posts\/29884\/revisions"}],"predecessor-version":[{"id":29886,"href":"https:\/\/blogdorogeriogomes.com.br\/noticias\/wp-json\/wp\/v2\/posts\/29884\/revisions\/29886"}],"wp:attachment":[{"href":"https:\/\/blogdorogeriogomes.com.br\/noticias\/wp-json\/wp\/v2\/media?parent=29884"}],"wp:term":[{"taxonomy":"category","embeddable":true,"href":"https:\/\/blogdorogeriogomes.com.br\/noticias\/wp-json\/wp\/v2\/categories?post=29884"},{"taxonomy":"post_tag","embeddable":true,"href":"https:\/\/blogdorogeriogomes.com.br\/noticias\/wp-json\/wp\/v2\/tags?post=29884"}],"curies":[{"name":"wp","href":"https:\/\/api.w.org\/{rel}","templated":true}]}}