{"id":29893,"date":"2023-07-25T11:23:30","date_gmt":"2023-07-25T11:23:30","guid":{"rendered":"https:\/\/blogdorogeriogomes.com.br\/?p=29893"},"modified":"2023-07-25T11:23:31","modified_gmt":"2023-07-25T11:23:31","slug":"rede-hoteleira-cearense-alcanca-o-melhor-resultado-nas-ferias-de-julho-durante-fim-de-semana-do-fortal","status":"publish","type":"post","link":"https:\/\/blogdorogeriogomes.com.br\/noticias\/2023\/07\/rede-hoteleira-cearense-alcanca-o-melhor-resultado-nas-ferias-de-julho-durante-fim-de-semana-do-fortal\/","title":{"rendered":"Rede hoteleira cearense alcan\u00e7a o melhor resultado nas f\u00e9rias de julho durante fim de semana do Fortal"},"content":{"rendered":"\n<p>A rede hoteleira de Fortaleza e Regi\u00e3o Metropolitana n\u00e3o tem do que reclamar das f\u00e9rias de julho. Segundo a Secretaria de Turismo do Estado (Setur), o Cear\u00e1 alcan\u00e7ou os melhores \u00edndices econ\u00f4micos ligados \u00e0 atividade tur\u00edstica durante as f\u00e9rias de julho no \u00faltimo fim de semana. Isso porque, de quinta-feira, dia 20 de julho, a domingo, dia 23, o estado foi palco da edi\u00e7\u00e3o comemorativa de 30 anos do Fortal.<\/p>\n\n\n\n<p>O evento garantiu que a ocupa\u00e7\u00e3o hoteleira do estado tivesse uma alta, resultando em uma taxa de 85,7%. Al\u00e9m da capital Fortaleza (85,17%), onde fica localizada a Cidade Fortal, destinos como Porto das Dunas (88,3%), em Aquiraz, e Praia do Cumbuco (83,7%), em Caucaia, registraram boa procura e lota\u00e7\u00e3o de reservas.<\/p>\n\n\n\n<p>O mercado de turistas foi, predominantemente, dom\u00e9stico. Mas, a Setur identificou na pesquisa foli\u00f5es internacionais, de mercados como Europeu e Americano. \u201cTivemos uma presen\u00e7a de foli\u00f5es de v\u00e1rias nacionalidades, como Portugal, Estados Unidos, It\u00e1lia, Su\u00ed\u00e7a, Austr\u00e1lia, al\u00e9m de Espanha e \u00c1frica. Esse resultado \u00e9 beneficiado, principalmente, pela nossa malha a\u00e9rea\u201d, destacou a secret\u00e1ria de Turismo do Cear\u00e1, Yrwana Albuquerque.<\/p>\n\n\n\n<figure class=\"wp-block-image size-large\"><img loading=\"lazy\" decoding=\"async\" width=\"1024\" height=\"682\" src=\"https:\/\/blogdorogeriogomes.com.br\/wp-content\/uploads\/2023\/07\/ivete-1024x682.jpeg\" alt=\"\" class=\"wp-image-29894\" srcset=\"https:\/\/blogdorogeriogomes.com.br\/noticias\/wp-content\/uploads\/2023\/07\/ivete-1024x682.jpeg 1024w, https:\/\/blogdorogeriogomes.com.br\/noticias\/wp-content\/uploads\/2023\/07\/ivete-300x200.jpeg 300w, https:\/\/blogdorogeriogomes.com.br\/noticias\/wp-content\/uploads\/2023\/07\/ivete-768x512.jpeg 768w, https:\/\/blogdorogeriogomes.com.br\/noticias\/wp-content\/uploads\/2023\/07\/ivete-1536x1023.jpeg 1536w, https:\/\/blogdorogeriogomes.com.br\/noticias\/wp-content\/uploads\/2023\/07\/ivete-800x533.jpeg 800w, https:\/\/blogdorogeriogomes.com.br\/noticias\/wp-content\/uploads\/2023\/07\/ivete.jpeg 1600w\" sizes=\"auto, (max-width: 1024px) 100vw, 1024px\" \/><\/figure>\n","protected":false},"excerpt":{"rendered":"<p>A rede hoteleira de Fortaleza e Regi\u00e3o Metropolitana n\u00e3o tem do que reclamar das f\u00e9rias de julho. Segundo a Secretaria de Turismo do Estado (Setur), o Cear\u00e1 alcan\u00e7ou os melhores \u00edndices econ\u00f4micos ligados \u00e0 atividade tur\u00edstica durante as f\u00e9rias de julho no \u00faltimo fim de semana. Isso porque, de quinta-feira, dia 20 de julho, a domingo, dia 23, o estado foi palco da edi\u00e7\u00e3o comemorativa de 30 anos do Fortal. O evento garantiu que a ocupa\u00e7\u00e3o hoteleira do estado&hellip;<\/p>\n","protected":false},"author":1,"featured_media":0,"comment_status":"open","ping_status":"open","sticky":false,"template":"","format":"standard","meta":{"footnotes":""},"categories":[1],"tags":[],"class_list":["post-29893","post","type-post","status-publish","format-standard","hentry","category-noticias"],"_links":{"self":[{"href":"https:\/\/blogdorogeriogomes.com.br\/noticias\/wp-json\/wp\/v2\/posts\/29893","targetHints":{"allow":["GET"]}}],"collection":[{"href":"https:\/\/blogdorogeriogomes.com.br\/noticias\/wp-json\/wp\/v2\/posts"}],"about":[{"href":"https:\/\/blogdorogeriogomes.com.br\/noticias\/wp-json\/wp\/v2\/types\/post"}],"author":[{"embeddable":true,"href":"https:\/\/blogdorogeriogomes.com.br\/noticias\/wp-json\/wp\/v2\/users\/1"}],"replies":[{"embeddable":true,"href":"https:\/\/blogdorogeriogomes.com.br\/noticias\/wp-json\/wp\/v2\/comments?post=29893"}],"version-history":[{"count":1,"href":"https:\/\/blogdorogeriogomes.com.br\/noticias\/wp-json\/wp\/v2\/posts\/29893\/revisions"}],"predecessor-version":[{"id":29895,"href":"https:\/\/blogdorogeriogomes.com.br\/noticias\/wp-json\/wp\/v2\/posts\/29893\/revisions\/29895"}],"wp:attachment":[{"href":"https:\/\/blogdorogeriogomes.com.br\/noticias\/wp-json\/wp\/v2\/media?parent=29893"}],"wp:term":[{"taxonomy":"category","embeddable":true,"href":"https:\/\/blogdorogeriogomes.com.br\/noticias\/wp-json\/wp\/v2\/categories?post=29893"},{"taxonomy":"post_tag","embeddable":true,"href":"https:\/\/blogdorogeriogomes.com.br\/noticias\/wp-json\/wp\/v2\/tags?post=29893"}],"curies":[{"name":"wp","href":"https:\/\/api.w.org\/{rel}","templated":true}]}}