{"id":29896,"date":"2023-07-25T11:50:46","date_gmt":"2023-07-25T11:50:46","guid":{"rendered":"https:\/\/blogdorogeriogomes.com.br\/?p=29896"},"modified":"2023-07-26T10:41:21","modified_gmt":"2023-07-26T10:41:21","slug":"elmano-vai-discutir-com-a-casa-civil-quais-investimentos-que-serao-anunciados-por-lula-no-ceara-em-nova-visita-dia-4-de-agosto","status":"publish","type":"post","link":"https:\/\/blogdorogeriogomes.com.br\/noticias\/2023\/07\/elmano-vai-discutir-com-a-casa-civil-quais-investimentos-que-serao-anunciados-por-lula-no-ceara-em-nova-visita-dia-4-de-agosto\/","title":{"rendered":"Elmano vai discutir com a Casa Civil quais investimentos que ser\u00e3o anunciados por Lula no Cear\u00e1 em nova visita dia 4 de agosto"},"content":{"rendered":"\n<p>O presidente Lula (PT) \u00e9 esperado em nova visita ao Cear\u00e1, no pr\u00f3ximo dia 4 de agosto. Antes, o governador Elmano de Freitas (PT) deve se reunir com o ministro da Casa Civil, Rui Costa, para discutir quais investimentos federais ser\u00e3o disponibilizados para o Cear\u00e1 e negociar os recursos que foram solicitados ao Governo Federal. Na \u00e1rea da seguran\u00e7a p\u00fablica, por exemplo, Elmano garante j\u00e1 foi consumida mais da metade dos recursos liberados pelo Minist\u00e9rio da Justi\u00e7a. &#8220;Pretendemos pedir mais&#8221;, disse o governador.<\/p>\n\n\n\n<p>Para o segundo semestre, segundo Elmano de Freitas, uma das prioridades \u00e9 a implanta\u00e7\u00e3o do passe livre intermunicipal, uma das suas promessas de campanha. O programa vai se chamar &#8220;Vai e Vem&#8221; e est\u00e1 em fase de discuss\u00e3o da sua viabilidade econ\u00f4mica com o Sindi\u00f4nibus.<br><\/p>\n\n\n\n<figure class=\"wp-block-image size-large\"><img loading=\"lazy\" decoding=\"async\" width=\"1024\" height=\"683\" src=\"https:\/\/blogdorogeriogomes.com.br\/wp-content\/uploads\/2023\/07\/IMG-20230725-WA0035-1024x683.jpg\" alt=\"\" class=\"wp-image-29897\" srcset=\"https:\/\/blogdorogeriogomes.com.br\/noticias\/wp-content\/uploads\/2023\/07\/IMG-20230725-WA0035-1024x683.jpg 1024w, https:\/\/blogdorogeriogomes.com.br\/noticias\/wp-content\/uploads\/2023\/07\/IMG-20230725-WA0035-300x200.jpg 300w, https:\/\/blogdorogeriogomes.com.br\/noticias\/wp-content\/uploads\/2023\/07\/IMG-20230725-WA0035-768x512.jpg 768w, https:\/\/blogdorogeriogomes.com.br\/noticias\/wp-content\/uploads\/2023\/07\/IMG-20230725-WA0035-800x533.jpg 800w, https:\/\/blogdorogeriogomes.com.br\/noticias\/wp-content\/uploads\/2023\/07\/IMG-20230725-WA0035.jpg 1080w\" sizes=\"auto, (max-width: 1024px) 100vw, 1024px\" \/><\/figure>\n","protected":false},"excerpt":{"rendered":"<p>O presidente Lula (PT) \u00e9 esperado em nova visita ao Cear\u00e1, no pr\u00f3ximo dia 4 de agosto. Antes, o governador Elmano de Freitas (PT) deve se reunir com o ministro da Casa Civil, Rui Costa, para discutir quais investimentos federais ser\u00e3o disponibilizados para o Cear\u00e1 e negociar os recursos que foram solicitados ao Governo Federal. Na \u00e1rea da seguran\u00e7a p\u00fablica, por exemplo, Elmano garante j\u00e1 foi consumida mais da metade dos recursos liberados pelo Minist\u00e9rio da Justi\u00e7a. &#8220;Pretendemos pedir&hellip;<\/p>\n","protected":false},"author":1,"featured_media":0,"comment_status":"open","ping_status":"open","sticky":false,"template":"","format":"standard","meta":{"footnotes":""},"categories":[1],"tags":[],"class_list":["post-29896","post","type-post","status-publish","format-standard","hentry","category-noticias"],"_links":{"self":[{"href":"https:\/\/blogdorogeriogomes.com.br\/noticias\/wp-json\/wp\/v2\/posts\/29896","targetHints":{"allow":["GET"]}}],"collection":[{"href":"https:\/\/blogdorogeriogomes.com.br\/noticias\/wp-json\/wp\/v2\/posts"}],"about":[{"href":"https:\/\/blogdorogeriogomes.com.br\/noticias\/wp-json\/wp\/v2\/types\/post"}],"author":[{"embeddable":true,"href":"https:\/\/blogdorogeriogomes.com.br\/noticias\/wp-json\/wp\/v2\/users\/1"}],"replies":[{"embeddable":true,"href":"https:\/\/blogdorogeriogomes.com.br\/noticias\/wp-json\/wp\/v2\/comments?post=29896"}],"version-history":[{"count":1,"href":"https:\/\/blogdorogeriogomes.com.br\/noticias\/wp-json\/wp\/v2\/posts\/29896\/revisions"}],"predecessor-version":[{"id":29898,"href":"https:\/\/blogdorogeriogomes.com.br\/noticias\/wp-json\/wp\/v2\/posts\/29896\/revisions\/29898"}],"wp:attachment":[{"href":"https:\/\/blogdorogeriogomes.com.br\/noticias\/wp-json\/wp\/v2\/media?parent=29896"}],"wp:term":[{"taxonomy":"category","embeddable":true,"href":"https:\/\/blogdorogeriogomes.com.br\/noticias\/wp-json\/wp\/v2\/categories?post=29896"},{"taxonomy":"post_tag","embeddable":true,"href":"https:\/\/blogdorogeriogomes.com.br\/noticias\/wp-json\/wp\/v2\/tags?post=29896"}],"curies":[{"name":"wp","href":"https:\/\/api.w.org\/{rel}","templated":true}]}}