{"id":29899,"date":"2023-07-25T12:12:53","date_gmt":"2023-07-25T12:12:53","guid":{"rendered":"https:\/\/blogdorogeriogomes.com.br\/?p=29899"},"modified":"2023-07-25T12:12:55","modified_gmt":"2023-07-25T12:12:55","slug":"prefeitura-de-fortaleza-entrega-obras-de-requalificacao-no-bairro-amadeu-furtado","status":"publish","type":"post","link":"https:\/\/blogdorogeriogomes.com.br\/noticias\/2023\/07\/prefeitura-de-fortaleza-entrega-obras-de-requalificacao-no-bairro-amadeu-furtado\/","title":{"rendered":"Prefeitura de Fortaleza entrega obras de requalifica\u00e7\u00e3o no bairro Amadeu Furtado"},"content":{"rendered":"\n<p>A Prefeitura de Fortaleza entregou, nesta segunda-feira, dia 24 de julho, as obras de requalifica\u00e7\u00e3o da Pra\u00e7a Monsenhor Linhares, no bairro Amadeu Furtado. O espa\u00e7o, localizado no cruzamento das ruas \u00c9rico Mota e Nestor Barbosa, foi beneficiado com melhorias nas duas quadras, mobili\u00e1rio urbano, piso e no parquinho infantil.<\/p>\n\n\n\n<p>O local \u00e9 um dos contemplados no pacote de reformas de pra\u00e7as p\u00fablicas de Fortaleza. Com recursos oriundos do Fundo Municipal de Desenvolvimento Urbano (Fundurb), o pacote prev\u00ea melhorias e reparos em pra\u00e7as em diversos bairros da cidade.<\/p>\n\n\n\n<figure class=\"wp-block-image size-large\"><img loading=\"lazy\" decoding=\"async\" width=\"1024\" height=\"601\" src=\"https:\/\/blogdorogeriogomes.com.br\/wp-content\/uploads\/2023\/07\/IMG-20230725-WA0039-1024x601.jpg\" alt=\"\" class=\"wp-image-29900\" srcset=\"https:\/\/blogdorogeriogomes.com.br\/noticias\/wp-content\/uploads\/2023\/07\/IMG-20230725-WA0039-1024x601.jpg 1024w, https:\/\/blogdorogeriogomes.com.br\/noticias\/wp-content\/uploads\/2023\/07\/IMG-20230725-WA0039-300x176.jpg 300w, https:\/\/blogdorogeriogomes.com.br\/noticias\/wp-content\/uploads\/2023\/07\/IMG-20230725-WA0039-768x451.jpg 768w, https:\/\/blogdorogeriogomes.com.br\/noticias\/wp-content\/uploads\/2023\/07\/IMG-20230725-WA0039-800x469.jpg 800w, https:\/\/blogdorogeriogomes.com.br\/noticias\/wp-content\/uploads\/2023\/07\/IMG-20230725-WA0039.jpg 1280w\" sizes=\"auto, (max-width: 1024px) 100vw, 1024px\" \/><\/figure>\n","protected":false},"excerpt":{"rendered":"<p>A Prefeitura de Fortaleza entregou, nesta segunda-feira, dia 24 de julho, as obras de requalifica\u00e7\u00e3o da Pra\u00e7a Monsenhor Linhares, no bairro Amadeu Furtado. O espa\u00e7o, localizado no cruzamento das ruas \u00c9rico Mota e Nestor Barbosa, foi beneficiado com melhorias nas duas quadras, mobili\u00e1rio urbano, piso e no parquinho infantil. O local \u00e9 um dos contemplados no pacote de reformas de pra\u00e7as p\u00fablicas de Fortaleza. Com recursos oriundos do Fundo Municipal de Desenvolvimento Urbano (Fundurb), o pacote prev\u00ea melhorias e&hellip;<\/p>\n","protected":false},"author":1,"featured_media":0,"comment_status":"open","ping_status":"open","sticky":false,"template":"","format":"standard","meta":{"footnotes":""},"categories":[1],"tags":[],"class_list":["post-29899","post","type-post","status-publish","format-standard","hentry","category-noticias"],"_links":{"self":[{"href":"https:\/\/blogdorogeriogomes.com.br\/noticias\/wp-json\/wp\/v2\/posts\/29899","targetHints":{"allow":["GET"]}}],"collection":[{"href":"https:\/\/blogdorogeriogomes.com.br\/noticias\/wp-json\/wp\/v2\/posts"}],"about":[{"href":"https:\/\/blogdorogeriogomes.com.br\/noticias\/wp-json\/wp\/v2\/types\/post"}],"author":[{"embeddable":true,"href":"https:\/\/blogdorogeriogomes.com.br\/noticias\/wp-json\/wp\/v2\/users\/1"}],"replies":[{"embeddable":true,"href":"https:\/\/blogdorogeriogomes.com.br\/noticias\/wp-json\/wp\/v2\/comments?post=29899"}],"version-history":[{"count":1,"href":"https:\/\/blogdorogeriogomes.com.br\/noticias\/wp-json\/wp\/v2\/posts\/29899\/revisions"}],"predecessor-version":[{"id":29901,"href":"https:\/\/blogdorogeriogomes.com.br\/noticias\/wp-json\/wp\/v2\/posts\/29899\/revisions\/29901"}],"wp:attachment":[{"href":"https:\/\/blogdorogeriogomes.com.br\/noticias\/wp-json\/wp\/v2\/media?parent=29899"}],"wp:term":[{"taxonomy":"category","embeddable":true,"href":"https:\/\/blogdorogeriogomes.com.br\/noticias\/wp-json\/wp\/v2\/categories?post=29899"},{"taxonomy":"post_tag","embeddable":true,"href":"https:\/\/blogdorogeriogomes.com.br\/noticias\/wp-json\/wp\/v2\/tags?post=29899"}],"curies":[{"name":"wp","href":"https:\/\/api.w.org\/{rel}","templated":true}]}}