{"id":29902,"date":"2023-07-26T10:45:37","date_gmt":"2023-07-26T10:45:37","guid":{"rendered":"https:\/\/blogdorogeriogomes.com.br\/?p=29902"},"modified":"2023-07-26T10:45:38","modified_gmt":"2023-07-26T10:45:38","slug":"candidatos-do-concurso-da-guarda-municipal-de-fortaleza-sao-convocados-para-segunda-etapa","status":"publish","type":"post","link":"https:\/\/blogdorogeriogomes.com.br\/noticias\/2023\/07\/candidatos-do-concurso-da-guarda-municipal-de-fortaleza-sao-convocados-para-segunda-etapa\/","title":{"rendered":"Candidatos do concurso da Guarda Municipal de Fortaleza s\u00e3o convocados para segunda etapa"},"content":{"rendered":"\n<p>A Prefeitura de Fortaleza est\u00e1 convocando os 1.544 candidatos que foram habilitados para participar da segunda etapa do concurso da Guarda Municipal do Munic\u00edpio. Esta fase consiste na Inspe\u00e7\u00e3o de Sa\u00fade, composta por exame m\u00e9dico e exame toxicol\u00f3gico. A etapa ocorrer\u00e1 nos dias\u00a019 e 20 de agosto de 2023, no Col\u00e9gio Estadual Liceu do Cear\u00e1 (Pra\u00e7a Gustavo Barroso &#8211; Jacarecanga).<\/p>\n\n\n\n<p>O concurso oferece 1.000 vagas para ingresso imediato, sendo 750 para ampla disputa, 50 para Pessoa com Defici\u00eancia (PCD) e 200 para Pessoas Pardas e Pretas (PPP). A carga hor\u00e1ria \u00e9 de 240 horas mensais, com remunera\u00e7\u00e3o inicial de R$ 3.152,78, al\u00e9m de aux\u00edlio-alimenta\u00e7\u00e3o, podendo acrescentar outras vantagens inerentes ao desempenho da fun\u00e7\u00e3o.<\/p>\n\n\n\n<figure class=\"wp-block-image size-full\"><img loading=\"lazy\" decoding=\"async\" width=\"984\" height=\"578\" src=\"https:\/\/blogdorogeriogomes.com.br\/wp-content\/uploads\/2023\/07\/guarda-municipal-de-fortaleza.jpg\" alt=\"\" class=\"wp-image-29903\" srcset=\"https:\/\/blogdorogeriogomes.com.br\/noticias\/wp-content\/uploads\/2023\/07\/guarda-municipal-de-fortaleza.jpg 984w, https:\/\/blogdorogeriogomes.com.br\/noticias\/wp-content\/uploads\/2023\/07\/guarda-municipal-de-fortaleza-300x176.jpg 300w, https:\/\/blogdorogeriogomes.com.br\/noticias\/wp-content\/uploads\/2023\/07\/guarda-municipal-de-fortaleza-768x451.jpg 768w, https:\/\/blogdorogeriogomes.com.br\/noticias\/wp-content\/uploads\/2023\/07\/guarda-municipal-de-fortaleza-800x470.jpg 800w\" sizes=\"auto, (max-width: 984px) 100vw, 984px\" \/><\/figure>\n","protected":false},"excerpt":{"rendered":"<p>A Prefeitura de Fortaleza est\u00e1 convocando os 1.544 candidatos que foram habilitados para participar da segunda etapa do concurso da Guarda Municipal do Munic\u00edpio. Esta fase consiste na Inspe\u00e7\u00e3o de Sa\u00fade, composta por exame m\u00e9dico e exame toxicol\u00f3gico. A etapa ocorrer\u00e1 nos dias\u00a019 e 20 de agosto de 2023, no Col\u00e9gio Estadual Liceu do Cear\u00e1 (Pra\u00e7a Gustavo Barroso &#8211; Jacarecanga). O concurso oferece 1.000 vagas para ingresso imediato, sendo 750 para ampla disputa, 50 para Pessoa com Defici\u00eancia (PCD)&hellip;<\/p>\n","protected":false},"author":1,"featured_media":0,"comment_status":"open","ping_status":"open","sticky":false,"template":"","format":"standard","meta":{"footnotes":""},"categories":[1],"tags":[],"class_list":["post-29902","post","type-post","status-publish","format-standard","hentry","category-noticias"],"_links":{"self":[{"href":"https:\/\/blogdorogeriogomes.com.br\/noticias\/wp-json\/wp\/v2\/posts\/29902","targetHints":{"allow":["GET"]}}],"collection":[{"href":"https:\/\/blogdorogeriogomes.com.br\/noticias\/wp-json\/wp\/v2\/posts"}],"about":[{"href":"https:\/\/blogdorogeriogomes.com.br\/noticias\/wp-json\/wp\/v2\/types\/post"}],"author":[{"embeddable":true,"href":"https:\/\/blogdorogeriogomes.com.br\/noticias\/wp-json\/wp\/v2\/users\/1"}],"replies":[{"embeddable":true,"href":"https:\/\/blogdorogeriogomes.com.br\/noticias\/wp-json\/wp\/v2\/comments?post=29902"}],"version-history":[{"count":1,"href":"https:\/\/blogdorogeriogomes.com.br\/noticias\/wp-json\/wp\/v2\/posts\/29902\/revisions"}],"predecessor-version":[{"id":29904,"href":"https:\/\/blogdorogeriogomes.com.br\/noticias\/wp-json\/wp\/v2\/posts\/29902\/revisions\/29904"}],"wp:attachment":[{"href":"https:\/\/blogdorogeriogomes.com.br\/noticias\/wp-json\/wp\/v2\/media?parent=29902"}],"wp:term":[{"taxonomy":"category","embeddable":true,"href":"https:\/\/blogdorogeriogomes.com.br\/noticias\/wp-json\/wp\/v2\/categories?post=29902"},{"taxonomy":"post_tag","embeddable":true,"href":"https:\/\/blogdorogeriogomes.com.br\/noticias\/wp-json\/wp\/v2\/tags?post=29902"}],"curies":[{"name":"wp","href":"https:\/\/api.w.org\/{rel}","templated":true}]}}