{"id":29905,"date":"2023-07-26T11:04:34","date_gmt":"2023-07-26T11:04:34","guid":{"rendered":"https:\/\/blogdorogeriogomes.com.br\/?p=29905"},"modified":"2023-07-26T11:04:35","modified_gmt":"2023-07-26T11:04:35","slug":"governadores-do-nordeste-se-reunem-com-o-vice-presidente-geraldo-alckmin-nesta-quarta-feira","status":"publish","type":"post","link":"https:\/\/blogdorogeriogomes.com.br\/noticias\/2023\/07\/governadores-do-nordeste-se-reunem-com-o-vice-presidente-geraldo-alckmin-nesta-quarta-feira\/","title":{"rendered":"Governadores do Nordeste se re\u00fanem com o vice-presidente Geraldo Alckmin nesta quarta-feira"},"content":{"rendered":"\n<p>Os nove governadores que integram o\u00a0Cons\u00f3rcio Nordeste, entre eles, o governador do Cear\u00e1, Elmano de Freitas, participam na quarta-feira, dia 26 de julho, em Bras\u00edlia, da primeira reuni\u00e3o t\u00e9cnica com o vice-presidente da Rep\u00fablica, Geraldo Alckmin, que \u00e9 tamb\u00e9m ministro do Desenvolvimento, Ind\u00fastria, Com\u00e9rcio e Servi\u00e7os.<\/p>\n\n\n\n<p>Ser\u00e3o discutidos o desenvolvimento econ\u00f4mico, perspectivas e desafios da Regi\u00e3o Nordeste. O evento tamb\u00e9m ter\u00e1 a participa\u00e7\u00e3o do presidente do Banco do Nordeste, Paulo C\u00e2mara, e do superintendente da Sudene, Danilo Cabral.<\/p>\n\n\n\n<p>Em entrevista nesta ter\u00e7a-feira, dia 25, Elmano de Freitas confirmou que at\u00e9 2 de agosto, todos os 37 pres\u00eddios cearenses v\u00e3o ter policiais penais utilizando c\u00e2meras corporais. Outra informa\u00e7\u00e3o importante, confirmada por Elmano, \u00e9 que o Cear\u00e1 negocia com o Governo Federal recursos para pelo menos seis grandes obras no Estado: a duplica\u00e7\u00e3o da BR 116 e do Eix\u00e3o das \u00c1guas, a conclus\u00e3o da Transnordestina e a constru\u00e7\u00e3o do A\u00e7ude Lontras, na regi\u00e3o de Ipueiras, e do Lagos de Fronteiras, no Crate\u00fas.\u00a0<\/p>\n\n\n\n<figure class=\"wp-block-image size-full\"><img loading=\"lazy\" decoding=\"async\" width=\"1024\" height=\"730\" src=\"https:\/\/blogdorogeriogomes.com.br\/wp-content\/uploads\/2023\/07\/IMG-20230726-WA00192.jpg\" alt=\"\" class=\"wp-image-29906\" srcset=\"https:\/\/blogdorogeriogomes.com.br\/noticias\/wp-content\/uploads\/2023\/07\/IMG-20230726-WA00192.jpg 1024w, https:\/\/blogdorogeriogomes.com.br\/noticias\/wp-content\/uploads\/2023\/07\/IMG-20230726-WA00192-300x214.jpg 300w, https:\/\/blogdorogeriogomes.com.br\/noticias\/wp-content\/uploads\/2023\/07\/IMG-20230726-WA00192-768x548.jpg 768w, https:\/\/blogdorogeriogomes.com.br\/noticias\/wp-content\/uploads\/2023\/07\/IMG-20230726-WA00192-800x570.jpg 800w\" sizes=\"auto, (max-width: 1024px) 100vw, 1024px\" \/><\/figure>\n","protected":false},"excerpt":{"rendered":"<p>Os nove governadores que integram o\u00a0Cons\u00f3rcio Nordeste, entre eles, o governador do Cear\u00e1, Elmano de Freitas, participam na quarta-feira, dia 26 de julho, em Bras\u00edlia, da primeira reuni\u00e3o t\u00e9cnica com o vice-presidente da Rep\u00fablica, Geraldo Alckmin, que \u00e9 tamb\u00e9m ministro do Desenvolvimento, Ind\u00fastria, Com\u00e9rcio e Servi\u00e7os. Ser\u00e3o discutidos o desenvolvimento econ\u00f4mico, perspectivas e desafios da Regi\u00e3o Nordeste. O evento tamb\u00e9m ter\u00e1 a participa\u00e7\u00e3o do presidente do Banco do Nordeste, Paulo C\u00e2mara, e do superintendente da Sudene, Danilo Cabral. Em&hellip;<\/p>\n","protected":false},"author":1,"featured_media":0,"comment_status":"open","ping_status":"open","sticky":false,"template":"","format":"standard","meta":{"footnotes":""},"categories":[1],"tags":[],"class_list":["post-29905","post","type-post","status-publish","format-standard","hentry","category-noticias"],"_links":{"self":[{"href":"https:\/\/blogdorogeriogomes.com.br\/noticias\/wp-json\/wp\/v2\/posts\/29905","targetHints":{"allow":["GET"]}}],"collection":[{"href":"https:\/\/blogdorogeriogomes.com.br\/noticias\/wp-json\/wp\/v2\/posts"}],"about":[{"href":"https:\/\/blogdorogeriogomes.com.br\/noticias\/wp-json\/wp\/v2\/types\/post"}],"author":[{"embeddable":true,"href":"https:\/\/blogdorogeriogomes.com.br\/noticias\/wp-json\/wp\/v2\/users\/1"}],"replies":[{"embeddable":true,"href":"https:\/\/blogdorogeriogomes.com.br\/noticias\/wp-json\/wp\/v2\/comments?post=29905"}],"version-history":[{"count":1,"href":"https:\/\/blogdorogeriogomes.com.br\/noticias\/wp-json\/wp\/v2\/posts\/29905\/revisions"}],"predecessor-version":[{"id":29907,"href":"https:\/\/blogdorogeriogomes.com.br\/noticias\/wp-json\/wp\/v2\/posts\/29905\/revisions\/29907"}],"wp:attachment":[{"href":"https:\/\/blogdorogeriogomes.com.br\/noticias\/wp-json\/wp\/v2\/media?parent=29905"}],"wp:term":[{"taxonomy":"category","embeddable":true,"href":"https:\/\/blogdorogeriogomes.com.br\/noticias\/wp-json\/wp\/v2\/categories?post=29905"},{"taxonomy":"post_tag","embeddable":true,"href":"https:\/\/blogdorogeriogomes.com.br\/noticias\/wp-json\/wp\/v2\/tags?post=29905"}],"curies":[{"name":"wp","href":"https:\/\/api.w.org\/{rel}","templated":true}]}}