{"id":29908,"date":"2023-07-26T11:26:12","date_gmt":"2023-07-26T11:26:12","guid":{"rendered":"https:\/\/blogdorogeriogomes.com.br\/?p=29908"},"modified":"2023-07-26T11:26:13","modified_gmt":"2023-07-26T11:26:13","slug":"sistema-fecomercio-lanca-projeto-baiao-social-no-centro-de-eventos-do-ceara","status":"publish","type":"post","link":"https:\/\/blogdorogeriogomes.com.br\/noticias\/2023\/07\/sistema-fecomercio-lanca-projeto-baiao-social-no-centro-de-eventos-do-ceara\/","title":{"rendered":"Sistema Fecom\u00e9rcio lan\u00e7a projeto Bai\u00e3o Social no Centro de Eventos do Cear\u00e1"},"content":{"rendered":"\n<p>O Sistema Fecom\u00e9rcio Cear\u00e1 lan\u00e7a edital, nesta quarta-feira, dia 26 de julho, que vai selecionar e apoiar Organiza\u00e7\u00f5es da Sociedade Civil de Fortaleza cadastradas em projetos desenvolvidos pelo Sesc e Senac. O programa Bai\u00e3o Social \u00e9 desenvolvido em parceria t\u00e9cnica com o Centro Integrado de Estudos e Programas de Desenvolvimento Sustent\u00e1vel (CIEDS). O evento de lan\u00e7amento acontece no Centro de Eventos do Cear\u00e1 com as presen\u00e7as do presidente do Sistema Fecom\u00e9rcio e deputado federal, Luiz Gast\u00e3o; e do fundador e diretor-presidente do CIEDS, Vandr\u00e9 Brilhante.<\/p>\n\n\n\n<p>As organiza\u00e7\u00f5es selecionadas v\u00e3o participar de um programa de forma\u00e7\u00e3o em desenvolvimento institucional, ofertado gratuitamente e por plataforma on-line. O objetivo \u00e9 fortalecer uma rede de organiza\u00e7\u00f5es sociais e potencializar a capacidade de impacto coletivo e sustentabilidade dessas, a partir do fomento de parcerias, al\u00e9m do desenvolvimento de capacidades de gest\u00e3o que otimizem recursos locais e articulem a\u00e7\u00f5es coletivas e intersetoriais com foco no desenvolvimento social, econ\u00f4mico e cultural do Cear\u00e1.<\/p>\n\n\n\n<figure class=\"wp-block-image size-full\"><img loading=\"lazy\" decoding=\"async\" width=\"720\" height=\"405\" src=\"https:\/\/blogdorogeriogomes.com.br\/wp-content\/uploads\/2023\/07\/images-9.jpeg\" alt=\"\" class=\"wp-image-29909\" srcset=\"https:\/\/blogdorogeriogomes.com.br\/noticias\/wp-content\/uploads\/2023\/07\/images-9.jpeg 720w, https:\/\/blogdorogeriogomes.com.br\/noticias\/wp-content\/uploads\/2023\/07\/images-9-300x169.jpeg 300w\" sizes=\"auto, (max-width: 720px) 100vw, 720px\" \/><\/figure>\n\n\n\n<p><\/p>\n\n\n\n<p><\/p>\n\n\n\n<p><\/p>\n\n\n\n<p><\/p>\n\n\n\n<p><\/p>\n","protected":false},"excerpt":{"rendered":"<p>O Sistema Fecom\u00e9rcio Cear\u00e1 lan\u00e7a edital, nesta quarta-feira, dia 26 de julho, que vai selecionar e apoiar Organiza\u00e7\u00f5es da Sociedade Civil de Fortaleza cadastradas em projetos desenvolvidos pelo Sesc e Senac. O programa Bai\u00e3o Social \u00e9 desenvolvido em parceria t\u00e9cnica com o Centro Integrado de Estudos e Programas de Desenvolvimento Sustent\u00e1vel (CIEDS). O evento de lan\u00e7amento acontece no Centro de Eventos do Cear\u00e1 com as presen\u00e7as do presidente do Sistema Fecom\u00e9rcio e deputado federal, Luiz Gast\u00e3o; e do fundador&hellip;<\/p>\n","protected":false},"author":1,"featured_media":0,"comment_status":"open","ping_status":"open","sticky":false,"template":"","format":"standard","meta":{"footnotes":""},"categories":[1],"tags":[],"class_list":["post-29908","post","type-post","status-publish","format-standard","hentry","category-noticias"],"_links":{"self":[{"href":"https:\/\/blogdorogeriogomes.com.br\/noticias\/wp-json\/wp\/v2\/posts\/29908","targetHints":{"allow":["GET"]}}],"collection":[{"href":"https:\/\/blogdorogeriogomes.com.br\/noticias\/wp-json\/wp\/v2\/posts"}],"about":[{"href":"https:\/\/blogdorogeriogomes.com.br\/noticias\/wp-json\/wp\/v2\/types\/post"}],"author":[{"embeddable":true,"href":"https:\/\/blogdorogeriogomes.com.br\/noticias\/wp-json\/wp\/v2\/users\/1"}],"replies":[{"embeddable":true,"href":"https:\/\/blogdorogeriogomes.com.br\/noticias\/wp-json\/wp\/v2\/comments?post=29908"}],"version-history":[{"count":1,"href":"https:\/\/blogdorogeriogomes.com.br\/noticias\/wp-json\/wp\/v2\/posts\/29908\/revisions"}],"predecessor-version":[{"id":29910,"href":"https:\/\/blogdorogeriogomes.com.br\/noticias\/wp-json\/wp\/v2\/posts\/29908\/revisions\/29910"}],"wp:attachment":[{"href":"https:\/\/blogdorogeriogomes.com.br\/noticias\/wp-json\/wp\/v2\/media?parent=29908"}],"wp:term":[{"taxonomy":"category","embeddable":true,"href":"https:\/\/blogdorogeriogomes.com.br\/noticias\/wp-json\/wp\/v2\/categories?post=29908"},{"taxonomy":"post_tag","embeddable":true,"href":"https:\/\/blogdorogeriogomes.com.br\/noticias\/wp-json\/wp\/v2\/tags?post=29908"}],"curies":[{"name":"wp","href":"https:\/\/api.w.org\/{rel}","templated":true}]}}