{"id":29911,"date":"2023-07-26T15:08:44","date_gmt":"2023-07-26T15:08:44","guid":{"rendered":"https:\/\/blogdorogeriogomes.com.br\/?p=29911"},"modified":"2023-07-26T15:08:45","modified_gmt":"2023-07-26T15:08:45","slug":"jose-sarto-diz-que-prefeitura-de-fortaleza-vai-assumir-obra-da-ponte-dos-ingleses","status":"publish","type":"post","link":"https:\/\/blogdorogeriogomes.com.br\/noticias\/2023\/07\/jose-sarto-diz-que-prefeitura-de-fortaleza-vai-assumir-obra-da-ponte-dos-ingleses\/","title":{"rendered":"Jos\u00e9 Sarto diz que Prefeitura de Fortaleza vai assumir obra da Ponte dos Ingleses"},"content":{"rendered":"\n<p>O prefeito de Fortaleza, Jos\u00e9 Sarto (PDT), afirmou nesta quarta-feira, dia 26 de julho, que o Munic\u00edpio vai assumir a reforma da Ponte dos Ingleses, na Praia de Iracema. O local est\u00e1 interditado h\u00e1 cerca de cinco anos e tem obras paradas desde 2022, que vinham sendo executadas pelo Governo do Estado. Sarto garante que a Prefeitura tem recursos para finalizar a interven\u00e7\u00e3o em um dos pontos tur\u00edsticos da Capital.<\/p>\n\n\n\n<p>Para o secret\u00e1rio de Infraestrutura de Fortaleza, Samuel Dias, o primeiro passo \u00e9 fazer uma nova licita\u00e7\u00e3o para a obra. &#8220;A Prefeitura resolveu assumir essa obra. A partir de hoje, n\u00f3s estamos tomando posse e vamos iniciar o processo de licita\u00e7\u00e3o.\u00a0Em at\u00e9 18 meses, um ano e meio, para a gente ter ela completamente conclu\u00edda&#8221;, destacou.<br><\/p>\n\n\n\n<figure class=\"wp-block-image size-large\"><img loading=\"lazy\" decoding=\"async\" width=\"1024\" height=\"683\" src=\"https:\/\/blogdorogeriogomes.com.br\/wp-content\/uploads\/2023\/07\/IMG-20230726-WA0069-1024x683.jpg\" alt=\"\" class=\"wp-image-29912\" srcset=\"https:\/\/blogdorogeriogomes.com.br\/noticias\/wp-content\/uploads\/2023\/07\/IMG-20230726-WA0069-1024x683.jpg 1024w, https:\/\/blogdorogeriogomes.com.br\/noticias\/wp-content\/uploads\/2023\/07\/IMG-20230726-WA0069-300x200.jpg 300w, https:\/\/blogdorogeriogomes.com.br\/noticias\/wp-content\/uploads\/2023\/07\/IMG-20230726-WA0069-768x512.jpg 768w, https:\/\/blogdorogeriogomes.com.br\/noticias\/wp-content\/uploads\/2023\/07\/IMG-20230726-WA0069-800x533.jpg 800w, https:\/\/blogdorogeriogomes.com.br\/noticias\/wp-content\/uploads\/2023\/07\/IMG-20230726-WA0069.jpg 1080w\" sizes=\"auto, (max-width: 1024px) 100vw, 1024px\" \/><\/figure>\n\n\n\n<p><br><\/p>\n","protected":false},"excerpt":{"rendered":"<p>O prefeito de Fortaleza, Jos\u00e9 Sarto (PDT), afirmou nesta quarta-feira, dia 26 de julho, que o Munic\u00edpio vai assumir a reforma da Ponte dos Ingleses, na Praia de Iracema. O local est\u00e1 interditado h\u00e1 cerca de cinco anos e tem obras paradas desde 2022, que vinham sendo executadas pelo Governo do Estado. Sarto garante que a Prefeitura tem recursos para finalizar a interven\u00e7\u00e3o em um dos pontos tur\u00edsticos da Capital. Para o secret\u00e1rio de Infraestrutura de Fortaleza, Samuel Dias,&hellip;<\/p>\n","protected":false},"author":1,"featured_media":0,"comment_status":"open","ping_status":"open","sticky":false,"template":"","format":"standard","meta":{"footnotes":""},"categories":[1],"tags":[],"class_list":["post-29911","post","type-post","status-publish","format-standard","hentry","category-noticias"],"_links":{"self":[{"href":"https:\/\/blogdorogeriogomes.com.br\/noticias\/wp-json\/wp\/v2\/posts\/29911","targetHints":{"allow":["GET"]}}],"collection":[{"href":"https:\/\/blogdorogeriogomes.com.br\/noticias\/wp-json\/wp\/v2\/posts"}],"about":[{"href":"https:\/\/blogdorogeriogomes.com.br\/noticias\/wp-json\/wp\/v2\/types\/post"}],"author":[{"embeddable":true,"href":"https:\/\/blogdorogeriogomes.com.br\/noticias\/wp-json\/wp\/v2\/users\/1"}],"replies":[{"embeddable":true,"href":"https:\/\/blogdorogeriogomes.com.br\/noticias\/wp-json\/wp\/v2\/comments?post=29911"}],"version-history":[{"count":1,"href":"https:\/\/blogdorogeriogomes.com.br\/noticias\/wp-json\/wp\/v2\/posts\/29911\/revisions"}],"predecessor-version":[{"id":29913,"href":"https:\/\/blogdorogeriogomes.com.br\/noticias\/wp-json\/wp\/v2\/posts\/29911\/revisions\/29913"}],"wp:attachment":[{"href":"https:\/\/blogdorogeriogomes.com.br\/noticias\/wp-json\/wp\/v2\/media?parent=29911"}],"wp:term":[{"taxonomy":"category","embeddable":true,"href":"https:\/\/blogdorogeriogomes.com.br\/noticias\/wp-json\/wp\/v2\/categories?post=29911"},{"taxonomy":"post_tag","embeddable":true,"href":"https:\/\/blogdorogeriogomes.com.br\/noticias\/wp-json\/wp\/v2\/tags?post=29911"}],"curies":[{"name":"wp","href":"https:\/\/api.w.org\/{rel}","templated":true}]}}