{"id":30011,"date":"2023-08-08T10:10:10","date_gmt":"2023-08-08T10:10:10","guid":{"rendered":"https:\/\/blogdorogeriogomes.com.br\/?p=30011"},"modified":"2023-08-08T10:10:11","modified_gmt":"2023-08-08T10:10:11","slug":"presidente-do-stf-rosa-weber-e-homenageada-durante-comemoracoes-do-aniversario-da-lei-maria-da-penha","status":"publish","type":"post","link":"https:\/\/blogdorogeriogomes.com.br\/noticias\/2023\/08\/presidente-do-stf-rosa-weber-e-homenageada-durante-comemoracoes-do-aniversario-da-lei-maria-da-penha\/","title":{"rendered":"Presidente do STF, Rosa Weber, \u00e9 homenageada durante comemora\u00e7\u00f5es do anivers\u00e1rio da Lei Maria da Penha"},"content":{"rendered":"\n<p>A vice-governadora e secret\u00e1ria de Mulheres do Cear\u00e1, Jade Romero, participou das comemora\u00e7\u00f5es pelos 17 anos da Lei Maria da Penha, na abertura da d\u00e9cima Jornada Maria da Penha \u2013 evento promovido pelo Conselho Nacional de Justi\u00e7a (CNJ) em parceria, este ano, com o Tribunal de Justi\u00e7a do estado do Cear\u00e1 (TJCE).<\/p>\n\n\n\n<p>O evento contou com a presen\u00e7a da presidenta do CNJ e do Supremo Tribunal Federal, ministra Rosa Weber, e do presidente do TJCE, desembargador Abelardo Benevides. Rosa Weber foi homenageada durante o evento.<\/p>\n\n\n\n<p>O encontro prossegue durante todo o dia de hoje e re\u00fane membros da magistratura, do Minist\u00e9rio P\u00fablico, da advocacia, das pol\u00edcias, e outros profissionais que atuam na \u00e1rea de viol\u00eancia contra a mulher para debater e trocar experi\u00eancias a respeito da legisla\u00e7\u00e3o.<\/p>\n\n\n\n<p>Considerada uma das mais avan\u00e7adas do mundo, a lei se transformou em um marco normativo na defesa dos direitos humanos das mulheres no Brasil por prever n\u00e3o apenas a puni\u00e7\u00e3o dos autores, mas o tratamento \u00e0s v\u00edtimas e a preven\u00e7\u00e3o da viol\u00eancia.<\/p>\n\n\n\n<p>Durante o evento, o presidente do TJCE, desembargador Abelardo Benevides, prometeu apurar as den\u00fancias contra o juiz Francisco Jos\u00e9 Mazza Siqueira, apontado por constranger v\u00edtimas de viol\u00eancia sexual durante uma audi\u00eancia ocorrida em Juazeiro do Norte, no Cear\u00e1, no \u00faltimo dia 26 de julho. As mulheres estavam presentes denunciam um m\u00e9dico por viola\u00e7\u00e3o sexual.<br><\/p>\n\n\n\n<figure class=\"wp-block-image size-large\"><img loading=\"lazy\" decoding=\"async\" width=\"1024\" height=\"569\" src=\"https:\/\/blogdorogeriogomes.com.br\/wp-content\/uploads\/2023\/08\/ABRE-3-1024x569.jpg\" alt=\"\" class=\"wp-image-30012\" srcset=\"https:\/\/blogdorogeriogomes.com.br\/noticias\/wp-content\/uploads\/2023\/08\/ABRE-3-1024x569.jpg 1024w, https:\/\/blogdorogeriogomes.com.br\/noticias\/wp-content\/uploads\/2023\/08\/ABRE-3-300x167.jpg 300w, https:\/\/blogdorogeriogomes.com.br\/noticias\/wp-content\/uploads\/2023\/08\/ABRE-3-768x427.jpg 768w, https:\/\/blogdorogeriogomes.com.br\/noticias\/wp-content\/uploads\/2023\/08\/ABRE-3-800x444.jpg 800w, https:\/\/blogdorogeriogomes.com.br\/noticias\/wp-content\/uploads\/2023\/08\/ABRE-3.jpg 1170w\" sizes=\"auto, (max-width: 1024px) 100vw, 1024px\" \/><\/figure>\n","protected":false},"excerpt":{"rendered":"<p>A vice-governadora e secret\u00e1ria de Mulheres do Cear\u00e1, Jade Romero, participou das comemora\u00e7\u00f5es pelos 17 anos da Lei Maria da Penha, na abertura da d\u00e9cima Jornada Maria da Penha \u2013 evento promovido pelo Conselho Nacional de Justi\u00e7a (CNJ) em parceria, este ano, com o Tribunal de Justi\u00e7a do estado do Cear\u00e1 (TJCE). O evento contou com a presen\u00e7a da presidenta do CNJ e do Supremo Tribunal Federal, ministra Rosa Weber, e do presidente do TJCE, desembargador Abelardo Benevides. Rosa&hellip;<\/p>\n","protected":false},"author":1,"featured_media":0,"comment_status":"open","ping_status":"open","sticky":false,"template":"","format":"standard","meta":{"footnotes":""},"categories":[1],"tags":[],"class_list":["post-30011","post","type-post","status-publish","format-standard","hentry","category-noticias"],"_links":{"self":[{"href":"https:\/\/blogdorogeriogomes.com.br\/noticias\/wp-json\/wp\/v2\/posts\/30011","targetHints":{"allow":["GET"]}}],"collection":[{"href":"https:\/\/blogdorogeriogomes.com.br\/noticias\/wp-json\/wp\/v2\/posts"}],"about":[{"href":"https:\/\/blogdorogeriogomes.com.br\/noticias\/wp-json\/wp\/v2\/types\/post"}],"author":[{"embeddable":true,"href":"https:\/\/blogdorogeriogomes.com.br\/noticias\/wp-json\/wp\/v2\/users\/1"}],"replies":[{"embeddable":true,"href":"https:\/\/blogdorogeriogomes.com.br\/noticias\/wp-json\/wp\/v2\/comments?post=30011"}],"version-history":[{"count":1,"href":"https:\/\/blogdorogeriogomes.com.br\/noticias\/wp-json\/wp\/v2\/posts\/30011\/revisions"}],"predecessor-version":[{"id":30013,"href":"https:\/\/blogdorogeriogomes.com.br\/noticias\/wp-json\/wp\/v2\/posts\/30011\/revisions\/30013"}],"wp:attachment":[{"href":"https:\/\/blogdorogeriogomes.com.br\/noticias\/wp-json\/wp\/v2\/media?parent=30011"}],"wp:term":[{"taxonomy":"category","embeddable":true,"href":"https:\/\/blogdorogeriogomes.com.br\/noticias\/wp-json\/wp\/v2\/categories?post=30011"},{"taxonomy":"post_tag","embeddable":true,"href":"https:\/\/blogdorogeriogomes.com.br\/noticias\/wp-json\/wp\/v2\/tags?post=30011"}],"curies":[{"name":"wp","href":"https:\/\/api.w.org\/{rel}","templated":true}]}}