{"id":31793,"date":"2024-02-29T23:58:42","date_gmt":"2024-02-29T23:58:42","guid":{"rendered":"https:\/\/blogdorogeriogomes.com.br\/noticias\/?p=31793"},"modified":"2024-02-29T23:58:42","modified_gmt":"2024-02-29T23:58:42","slug":"sesporte-lanca-edital-para-programa-ceara-atleta-com-seis-mil-bolsas-de-incentivo-a-pratica-esportiva","status":"publish","type":"post","link":"https:\/\/blogdorogeriogomes.com.br\/noticias\/2024\/02\/sesporte-lanca-edital-para-programa-ceara-atleta-com-seis-mil-bolsas-de-incentivo-a-pratica-esportiva\/","title":{"rendered":"Sesporte lan\u00e7a edital para Programa Cear\u00e1 Atleta com seis mil bolsas de incentivo \u00e0 pr\u00e1tica esportiva"},"content":{"rendered":"\n<p>O Governo do Cear\u00e1 lan\u00e7ou, nesta quinta-feira, dia 29 de fevereiro, edital para o Programa Cear\u00e1 Atleta com seis mil bolsas-esportivas para atletas e paratletas. O documento foi publicado no Di\u00e1rio Oficial do Estado (DOE). O benef\u00edcio ser\u00e1 destinado para pessoas entre 10 e 29 anos, com resid\u00eancia fixa no Cear\u00e1, possuindo rendimentos mensais de at\u00e9 meio sal\u00e1rio m\u00ednimo, praticantes de uma atividade esportiva e regularmente matriculado em uma institui\u00e7\u00e3o de ensino. Os interessados podem se inscrever por meio do site da Secretaria do Esporte (Sesporte)\u00a0entre os dias 1\u00ba de mar\u00e7o e 30 de abril.<\/p>\n\n\n\n<p>O programa ser\u00e1 subdividido em tr\u00eas n\u00edveis, com o primeiro destinado para 5.000 atletas, entre 10 e 17 anos, com bolsa no valor de R$ 200; o segundo n\u00edvel cont\u00e9m 600 bolsas, no valor de R$ 400, para atletas e paratletas com classifica\u00e7\u00e3o at\u00e9 a d\u00e9cima coloca\u00e7\u00e3o em eventos municipais ou intermunicipais. O \u00faltimo n\u00edvel disp\u00f5e de 400 bolsas, no valor de R$ 600, para atletas e paratletas com classifica\u00e7\u00e3o at\u00e9 a d\u00e9cima coloca\u00e7\u00e3o em eventos estaduais, interestaduais e regionais.<\/p>\n\n\n\n<figure class=\"wp-block-image size-large\"><img loading=\"lazy\" decoding=\"async\" width=\"1024\" height=\"683\" src=\"https:\/\/blogdorogeriogomes.com.br\/noticias\/wp-content\/uploads\/2024\/02\/210819_SELECAO-CEARENSE-KICKBOXING_TF_5646-1200x800-1-1024x683.jpg\" alt=\"\" class=\"wp-image-31794\" srcset=\"https:\/\/blogdorogeriogomes.com.br\/noticias\/wp-content\/uploads\/2024\/02\/210819_SELECAO-CEARENSE-KICKBOXING_TF_5646-1200x800-1-1024x683.jpg 1024w, https:\/\/blogdorogeriogomes.com.br\/noticias\/wp-content\/uploads\/2024\/02\/210819_SELECAO-CEARENSE-KICKBOXING_TF_5646-1200x800-1-300x200.jpg 300w, https:\/\/blogdorogeriogomes.com.br\/noticias\/wp-content\/uploads\/2024\/02\/210819_SELECAO-CEARENSE-KICKBOXING_TF_5646-1200x800-1-768x512.jpg 768w, https:\/\/blogdorogeriogomes.com.br\/noticias\/wp-content\/uploads\/2024\/02\/210819_SELECAO-CEARENSE-KICKBOXING_TF_5646-1200x800-1-800x533.jpg 800w, https:\/\/blogdorogeriogomes.com.br\/noticias\/wp-content\/uploads\/2024\/02\/210819_SELECAO-CEARENSE-KICKBOXING_TF_5646-1200x800-1.jpg 1200w\" sizes=\"auto, (max-width: 1024px) 100vw, 1024px\" \/><\/figure>\n","protected":false},"excerpt":{"rendered":"<p>O Governo do Cear\u00e1 lan\u00e7ou, nesta quinta-feira, dia 29 de fevereiro, edital para o Programa Cear\u00e1 Atleta com seis mil bolsas-esportivas para atletas e paratletas. O documento foi publicado no Di\u00e1rio Oficial do Estado (DOE). O benef\u00edcio ser\u00e1 destinado para pessoas entre 10 e 29 anos, com resid\u00eancia fixa no Cear\u00e1, possuindo rendimentos mensais de at\u00e9 meio sal\u00e1rio m\u00ednimo, praticantes de uma atividade esportiva e regularmente matriculado em uma institui\u00e7\u00e3o de ensino. Os interessados podem se inscrever por meio&hellip;<\/p>\n","protected":false},"author":1,"featured_media":31795,"comment_status":"open","ping_status":"open","sticky":false,"template":"","format":"standard","meta":{"footnotes":""},"categories":[1],"tags":[],"class_list":["post-31793","post","type-post","status-publish","format-standard","has-post-thumbnail","hentry","category-noticias"],"_links":{"self":[{"href":"https:\/\/blogdorogeriogomes.com.br\/noticias\/wp-json\/wp\/v2\/posts\/31793","targetHints":{"allow":["GET"]}}],"collection":[{"href":"https:\/\/blogdorogeriogomes.com.br\/noticias\/wp-json\/wp\/v2\/posts"}],"about":[{"href":"https:\/\/blogdorogeriogomes.com.br\/noticias\/wp-json\/wp\/v2\/types\/post"}],"author":[{"embeddable":true,"href":"https:\/\/blogdorogeriogomes.com.br\/noticias\/wp-json\/wp\/v2\/users\/1"}],"replies":[{"embeddable":true,"href":"https:\/\/blogdorogeriogomes.com.br\/noticias\/wp-json\/wp\/v2\/comments?post=31793"}],"version-history":[{"count":1,"href":"https:\/\/blogdorogeriogomes.com.br\/noticias\/wp-json\/wp\/v2\/posts\/31793\/revisions"}],"predecessor-version":[{"id":31796,"href":"https:\/\/blogdorogeriogomes.com.br\/noticias\/wp-json\/wp\/v2\/posts\/31793\/revisions\/31796"}],"wp:featuredmedia":[{"embeddable":true,"href":"https:\/\/blogdorogeriogomes.com.br\/noticias\/wp-json\/wp\/v2\/media\/31795"}],"wp:attachment":[{"href":"https:\/\/blogdorogeriogomes.com.br\/noticias\/wp-json\/wp\/v2\/media?parent=31793"}],"wp:term":[{"taxonomy":"category","embeddable":true,"href":"https:\/\/blogdorogeriogomes.com.br\/noticias\/wp-json\/wp\/v2\/categories?post=31793"},{"taxonomy":"post_tag","embeddable":true,"href":"https:\/\/blogdorogeriogomes.com.br\/noticias\/wp-json\/wp\/v2\/tags?post=31793"}],"curies":[{"name":"wp","href":"https:\/\/api.w.org\/{rel}","templated":true}]}}