{"id":31800,"date":"2024-03-01T11:07:23","date_gmt":"2024-03-01T11:07:23","guid":{"rendered":"https:\/\/blogdorogeriogomes.com.br\/noticias\/?p=31800"},"modified":"2024-03-01T11:07:24","modified_gmt":"2024-03-01T11:07:24","slug":"helio-winston-toma-posse-como-novo-presidente-da-zpe-no-complexo-portuario-do-pecem-nesta-sexta-feira","status":"publish","type":"post","link":"https:\/\/blogdorogeriogomes.com.br\/noticias\/2024\/03\/helio-winston-toma-posse-como-novo-presidente-da-zpe-no-complexo-portuario-do-pecem-nesta-sexta-feira\/","title":{"rendered":"H\u00e9lio Winston toma posse como novo presidente da ZPE no Complexo Portu\u00e1rio do Pec\u00e9m nesta sexta-feira"},"content":{"rendered":"\n<p>A solenidade de posse do novo presidente da Zona de Processamento de Exporta\u00e7\u00f5es (ZPE) ocorre nesta sexta-feira, dia 1\u00ba de mar\u00e7o, no Pec\u00e9m. Sai o ent\u00e3o presidente Eduardo Neves,\u00a0assume\u00a0H\u00e9lio Winston Leit\u00e3o, atual presidente da Ag\u00eancia Reguladora do Estado do Cear\u00e1 (Arce). H\u00e9lio \u00e9 irm\u00e3o do presidente da Assembleia Legislativa do Cear\u00e1 (Alece), Evandro Leit\u00e3o.<\/p>\n\n\n\n<p>A mudan\u00e7a no comando da Zona de Processamento de Exporta\u00e7\u00e3o (ZPE), localizada no Complexo Industrial e Portu\u00e1rio do Pec\u00e9m, foi determinada pelo governador Elmano de Freitas (PT).<\/p>\n\n\n\n<figure class=\"wp-block-image size-large\"><img loading=\"lazy\" decoding=\"async\" width=\"1017\" height=\"1024\" src=\"https:\/\/blogdorogeriogomes.com.br\/noticias\/wp-content\/uploads\/2024\/03\/helio_leitao_zpe-25734625-1017x1024.jpg\" alt=\"\" class=\"wp-image-31801\" srcset=\"https:\/\/blogdorogeriogomes.com.br\/noticias\/wp-content\/uploads\/2024\/03\/helio_leitao_zpe-25734625-1017x1024.jpg 1017w, https:\/\/blogdorogeriogomes.com.br\/noticias\/wp-content\/uploads\/2024\/03\/helio_leitao_zpe-25734625-298x300.jpg 298w, https:\/\/blogdorogeriogomes.com.br\/noticias\/wp-content\/uploads\/2024\/03\/helio_leitao_zpe-25734625-150x150.jpg 150w, https:\/\/blogdorogeriogomes.com.br\/noticias\/wp-content\/uploads\/2024\/03\/helio_leitao_zpe-25734625-768x773.jpg 768w, https:\/\/blogdorogeriogomes.com.br\/noticias\/wp-content\/uploads\/2024\/03\/helio_leitao_zpe-25734625-1526x1536.jpg 1526w, https:\/\/blogdorogeriogomes.com.br\/noticias\/wp-content\/uploads\/2024\/03\/helio_leitao_zpe-25734625-800x805.jpg 800w, https:\/\/blogdorogeriogomes.com.br\/noticias\/wp-content\/uploads\/2024\/03\/helio_leitao_zpe-25734625.jpg 1920w\" sizes=\"auto, (max-width: 1017px) 100vw, 1017px\" \/><\/figure>\n\n\n\n<p><br><\/p>\n","protected":false},"excerpt":{"rendered":"<p>A solenidade de posse do novo presidente da Zona de Processamento de Exporta\u00e7\u00f5es (ZPE) ocorre nesta sexta-feira, dia 1\u00ba de mar\u00e7o, no Pec\u00e9m. Sai o ent\u00e3o presidente Eduardo Neves,\u00a0assume\u00a0H\u00e9lio Winston Leit\u00e3o, atual presidente da Ag\u00eancia Reguladora do Estado do Cear\u00e1 (Arce). H\u00e9lio \u00e9 irm\u00e3o do presidente da Assembleia Legislativa do Cear\u00e1 (Alece), Evandro Leit\u00e3o. A mudan\u00e7a no comando da Zona de Processamento de Exporta\u00e7\u00e3o (ZPE), localizada no Complexo Industrial e Portu\u00e1rio do Pec\u00e9m, foi determinada pelo governador Elmano de&hellip;<\/p>\n","protected":false},"author":1,"featured_media":31801,"comment_status":"open","ping_status":"open","sticky":false,"template":"","format":"standard","meta":{"footnotes":""},"categories":[1],"tags":[],"class_list":["post-31800","post","type-post","status-publish","format-standard","has-post-thumbnail","hentry","category-noticias"],"_links":{"self":[{"href":"https:\/\/blogdorogeriogomes.com.br\/noticias\/wp-json\/wp\/v2\/posts\/31800","targetHints":{"allow":["GET"]}}],"collection":[{"href":"https:\/\/blogdorogeriogomes.com.br\/noticias\/wp-json\/wp\/v2\/posts"}],"about":[{"href":"https:\/\/blogdorogeriogomes.com.br\/noticias\/wp-json\/wp\/v2\/types\/post"}],"author":[{"embeddable":true,"href":"https:\/\/blogdorogeriogomes.com.br\/noticias\/wp-json\/wp\/v2\/users\/1"}],"replies":[{"embeddable":true,"href":"https:\/\/blogdorogeriogomes.com.br\/noticias\/wp-json\/wp\/v2\/comments?post=31800"}],"version-history":[{"count":1,"href":"https:\/\/blogdorogeriogomes.com.br\/noticias\/wp-json\/wp\/v2\/posts\/31800\/revisions"}],"predecessor-version":[{"id":31802,"href":"https:\/\/blogdorogeriogomes.com.br\/noticias\/wp-json\/wp\/v2\/posts\/31800\/revisions\/31802"}],"wp:featuredmedia":[{"embeddable":true,"href":"https:\/\/blogdorogeriogomes.com.br\/noticias\/wp-json\/wp\/v2\/media\/31801"}],"wp:attachment":[{"href":"https:\/\/blogdorogeriogomes.com.br\/noticias\/wp-json\/wp\/v2\/media?parent=31800"}],"wp:term":[{"taxonomy":"category","embeddable":true,"href":"https:\/\/blogdorogeriogomes.com.br\/noticias\/wp-json\/wp\/v2\/categories?post=31800"},{"taxonomy":"post_tag","embeddable":true,"href":"https:\/\/blogdorogeriogomes.com.br\/noticias\/wp-json\/wp\/v2\/tags?post=31800"}],"curies":[{"name":"wp","href":"https:\/\/api.w.org\/{rel}","templated":true}]}}