{"id":31806,"date":"2024-03-01T11:27:54","date_gmt":"2024-03-01T11:27:54","guid":{"rendered":"https:\/\/blogdorogeriogomes.com.br\/noticias\/?p=31806"},"modified":"2024-03-01T11:27:54","modified_gmt":"2024-03-01T11:27:54","slug":"prefeitura-da-capital-entrega-novo-predio-de-centro-de-educacao-infantil-no-papicu-nesta-sexta-feira","status":"publish","type":"post","link":"https:\/\/blogdorogeriogomes.com.br\/noticias\/2024\/03\/prefeitura-da-capital-entrega-novo-predio-de-centro-de-educacao-infantil-no-papicu-nesta-sexta-feira\/","title":{"rendered":"Prefeitura da Capital entrega novo pr\u00e9dio de Centro de Educa\u00e7\u00e3o Infantil no Papicu nesta sexta-feira"},"content":{"rendered":"\n<p>A Prefeitura de Fortaleza entrega, nesta sexta-feira, dia 1\u00b0 de mar\u00e7o, o novo pr\u00e9dio do Centro de Educa\u00e7\u00e3o Infantil (CEI) Menino Maluquinho, localizado no bairro Papicu. A unidade, que j\u00e1 fazia parte do parque escolar da Rede Municipal, ganha uma nova estrutura e se torna a 30\u00aa da modalidade com ber\u00e7\u00e1rio da gest\u00e3o do prefeito Jos\u00e9 Sarto.<\/p>\n\n\n\n<p>Com capacidade para atender a 104 crian\u00e7as de 6 meses a 3 anos, o local possibilita o desenvolvimento dos pequenos nesta fase da vida e garante mais comodidade para as fam\u00edlias, que poder\u00e3o deixar os filhos em um ambiente saud\u00e1vel, seguro e com educa\u00e7\u00e3o em tempo integral.<\/p>\n\n\n\n<figure class=\"wp-block-image size-full\"><img loading=\"lazy\" decoding=\"async\" width=\"1024\" height=\"601\" src=\"https:\/\/blogdorogeriogomes.com.br\/noticias\/wp-content\/uploads\/2024\/03\/01-09-2022-SME-IMG_9876-1024x601-1.jpg\" alt=\"\" class=\"wp-image-31807\" srcset=\"https:\/\/blogdorogeriogomes.com.br\/noticias\/wp-content\/uploads\/2024\/03\/01-09-2022-SME-IMG_9876-1024x601-1.jpg 1024w, https:\/\/blogdorogeriogomes.com.br\/noticias\/wp-content\/uploads\/2024\/03\/01-09-2022-SME-IMG_9876-1024x601-1-300x176.jpg 300w, https:\/\/blogdorogeriogomes.com.br\/noticias\/wp-content\/uploads\/2024\/03\/01-09-2022-SME-IMG_9876-1024x601-1-768x451.jpg 768w, https:\/\/blogdorogeriogomes.com.br\/noticias\/wp-content\/uploads\/2024\/03\/01-09-2022-SME-IMG_9876-1024x601-1-800x470.jpg 800w\" sizes=\"auto, (max-width: 1024px) 100vw, 1024px\" \/><\/figure>\n","protected":false},"excerpt":{"rendered":"<p>A Prefeitura de Fortaleza entrega, nesta sexta-feira, dia 1\u00b0 de mar\u00e7o, o novo pr\u00e9dio do Centro de Educa\u00e7\u00e3o Infantil (CEI) Menino Maluquinho, localizado no bairro Papicu. A unidade, que j\u00e1 fazia parte do parque escolar da Rede Municipal, ganha uma nova estrutura e se torna a 30\u00aa da modalidade com ber\u00e7\u00e1rio da gest\u00e3o do prefeito Jos\u00e9 Sarto. Com capacidade para atender a 104 crian\u00e7as de 6 meses a 3 anos, o local possibilita o desenvolvimento dos pequenos nesta fase&hellip;<\/p>\n","protected":false},"author":1,"featured_media":31807,"comment_status":"open","ping_status":"open","sticky":false,"template":"","format":"standard","meta":{"footnotes":""},"categories":[1],"tags":[],"class_list":["post-31806","post","type-post","status-publish","format-standard","has-post-thumbnail","hentry","category-noticias"],"_links":{"self":[{"href":"https:\/\/blogdorogeriogomes.com.br\/noticias\/wp-json\/wp\/v2\/posts\/31806","targetHints":{"allow":["GET"]}}],"collection":[{"href":"https:\/\/blogdorogeriogomes.com.br\/noticias\/wp-json\/wp\/v2\/posts"}],"about":[{"href":"https:\/\/blogdorogeriogomes.com.br\/noticias\/wp-json\/wp\/v2\/types\/post"}],"author":[{"embeddable":true,"href":"https:\/\/blogdorogeriogomes.com.br\/noticias\/wp-json\/wp\/v2\/users\/1"}],"replies":[{"embeddable":true,"href":"https:\/\/blogdorogeriogomes.com.br\/noticias\/wp-json\/wp\/v2\/comments?post=31806"}],"version-history":[{"count":1,"href":"https:\/\/blogdorogeriogomes.com.br\/noticias\/wp-json\/wp\/v2\/posts\/31806\/revisions"}],"predecessor-version":[{"id":31808,"href":"https:\/\/blogdorogeriogomes.com.br\/noticias\/wp-json\/wp\/v2\/posts\/31806\/revisions\/31808"}],"wp:featuredmedia":[{"embeddable":true,"href":"https:\/\/blogdorogeriogomes.com.br\/noticias\/wp-json\/wp\/v2\/media\/31807"}],"wp:attachment":[{"href":"https:\/\/blogdorogeriogomes.com.br\/noticias\/wp-json\/wp\/v2\/media?parent=31806"}],"wp:term":[{"taxonomy":"category","embeddable":true,"href":"https:\/\/blogdorogeriogomes.com.br\/noticias\/wp-json\/wp\/v2\/categories?post=31806"},{"taxonomy":"post_tag","embeddable":true,"href":"https:\/\/blogdorogeriogomes.com.br\/noticias\/wp-json\/wp\/v2\/tags?post=31806"}],"curies":[{"name":"wp","href":"https:\/\/api.w.org\/{rel}","templated":true}]}}